{"id":122681,"date":"2024-02-14T14:28:21","date_gmt":"2024-02-14T13:28:21","guid":{"rendered":"https:\/\/www.humboldtforum.org\/?post_type=magazine-article&#038;p=122681"},"modified":"2024-04-10T15:50:07","modified_gmt":"2024-04-10T13:50:07","slug":"der-brandenburgische-kolonialismus-in-westafrika","status":"publish","type":"magazine-article","link":"https:\/\/www.humboldtforum.org\/de\/magazin\/artikel\/der-brandenburgische-kolonialismus-in-westafrika\/","title":{"rendered":"Der brandenburgische Kolonialismus in Westafrika"},"content":{"rendered":"<section class=\"block block-html\">\n\t<aside class=\"container-fluid\">\n\t\t<div class=\"row\">\n\t\t\t<div class=\"col-xs-12 col-md-2 like-interactions\" aria-hidden=\"true\">\n\t\t\t\t<like :textbelow=\"true\"  nonce=\"632c082fc6\" postid= \"122681\" post-title=\"Der brandenburgische Kolonialismus in Westafrika\" count=\"2\"><\/like>\n\n\t\t\t\t\t\t\n\t\t\t<\/div>\n\t\t\t<div class=\"col-xs-12 col-md-8\">\n\t\t\t\t<div class=\"copy\"><p itemprop=\"abstract\" class=\"intro\">Die Auseinandersetzung mit der deutschen Kolonialgeschichte ist ein zentrales Anliegen des Humboldt Forums, da sowohl die Geschichte des Ortes als auch die hier pr\u00e4sentierten Sammlungen in kolonialen Kontexten stehen. Die Veranstaltung ORTS-Termin am 23. November 2023 widmete sich einem bisher wenig beachteten Ausgangspunkt des deutschen Kolonialismus: der brandenburgischen Festung Gro\u00df-Friedrichsburg. Die Literaturwissenschaftlerin Gabriele Leschke war als Expertin zu Gast.<\/p><\/copy><\/div>\n\t\t\t<\/div>\n\t\t<\/div>\n\t<\/aside>\n<\/section>\n\n<section class=\"block block-copy\" >\n    <div class=\"container-fluid\">\n\t\t<div class=\"row \">\n            <div class=\"col-xs-12 col-md-offset-2 col-md-8\">\n                <div class=\"box\">\n                    <div class=\"copy\"><p>Gro\u00df-Friedrichsburg wurde 1683 an der K\u00fcste des heutigen Ghanas gegr\u00fcndet und blieb bis 1718 unter der Kontrolle Brandenburg-Preu\u00dfens. Der brandenburgische Kurf\u00fcrst Friedrich Wilhelm wollte in den lukrativen transatlantischen Handel mit versklavten Menschen und G\u00fctern wie Gold und Elfenbein einsteigen und ben\u00f6tigte daher einen St\u00fctzpunkt an der afrikanischen Westk\u00fcste. Der Kurf\u00fcrst sandte den Adligen Otto Friedrich von der Gr\u00f6ben in diplomatischer Mission nach Westafrika, um sein Vorhaben vor Ort umzusetzen. Bereits ein Jahr zuvor hatte Friedrich Wilhelm die Gr\u00fcndung der Brandenburgisch-Africanischen Compagnie initiiert, die die Beteiligung Brandenburgs am Dreieckshandel zwischen Europa, Afrika und der Karibik organisieren sollte.<\/p>\n<p>Nach seiner R\u00fcckkehr ver\u00f6ffentlichte Gr\u00f6ben die\u00a0\u201eGuineische Reise-Beschreibung\u201c (1694), in der er von seiner Reise und der Gr\u00fcndung der Festung \u201eGro\u00dffriedrichsburg\u201c berichtete. Das Werk widmete er seinem Auftraggeber.<\/p>\n<p>Die <strong>Literaturwissenschaftlerin Gabriele Leschke<\/strong> hat sich intensiv mit Otto Friedrich von der Gr\u00f6ben und seinen Texten auseinandergesetzt, die einen direkten Einblick in die Entstehungszeit des deutschen Kolonialismus geben.<\/p>\n<p>Dabei erf\u00e4hrt man allerdings weniger \u00fcber die historischen Ereignisse oder die konkreten Bedingungen an der Westafrikanischen K\u00fcste zu Gr\u00f6bens Zeit, als vielmehr \u00fcber seine Perspektive als <em>wei\u00dfer<\/em>, adeliger Akteur. Die Perspektiven der beteiligten Menschen in Westafrika fehlen wie so h\u00e4ufig in den europ\u00e4ischen Quellen der Zeit.<\/p>\n<p>In ihrer Forschung zeigt Gabriele Leschke auf, wie Gr\u00f6bens Darstellungen des Landes und der Menschen in Westafrika vor allem seiner Selbstdarstellung als Adeliger und erfolgreicher Diplomat galten. Dabei bediente er sich einer Sprache, die sp\u00e4tere rassistische Vorstellungen begr\u00fcndete und der Rechtfertigung von Kolonialismus und Versklavungshandel diente.<\/p>\n<\/div>\n                <\/div>\n            <\/div>\n\t\t<\/div>\n\t\t    <\/div>\n<\/section>\n\n<section class=\"block block-standard-image-copy rev2nd\"> \n\t<div class=\"container-fluid\">\n\t\t<div class=\"row middle-sm\">\n\t\t\t<div class=\"col-xs-10 col-sm-6 margin-bottom-sixth\" data-motion-parallax='{\"child\":\".image-wrapper\",\"mask\":\".lazy-media\",\"tween\":{\"yPercent\": [-15,15]}}'>\n\t\t\t\t\n\t<lazy-media-inline inline-template>\n\t\t<figure itemscope itemtype=\"http:\/\/schema.org\/ImageObject\" class=\"lazy-media-inline lazy-max-height-exception\" role=\"group\" id=\"media_69f14205e1d26\" aria-labelledby=\"desc_media_69f14205e1d26\">\n\t\t\t<script type=\"application\/json\" ref=\"data\">\n\t\t\t\t{\n\t\t\t\t\"sizes\" : {\"medium\":{\"file\":\"SHF_eb00217383_1-1-265x300.jpg\",\"width\":265,\"height\":300,\"mime-type\":\"image\\\/jpeg\",\"filesize\":17210},\"large\":{\"file\":\"SHF_eb00217383_1-1-905x1024.jpg\",\"width\":905,\"height\":1024,\"mime-type\":\"image\\\/jpeg\",\"filesize\":124919},\"thumbnail\":{\"file\":\"SHF_eb00217383_1-1-150x150.jpg\",\"width\":150,\"height\":150,\"mime-type\":\"image\\\/jpeg\",\"filesize\":6719},\"medium_large\":{\"file\":\"SHF_eb00217383_1-1-768x869.jpg\",\"width\":768,\"height\":869,\"mime-type\":\"image\\\/jpeg\",\"filesize\":93037},\"small\":{\"file\":\"SHF_eb00217383_1-1-389x440.jpg\",\"width\":389,\"height\":440,\"mime-type\":\"image\\\/jpeg\",\"filesize\":30175},\"semi\":{\"file\":\"SHF_eb00217383_1-1-513x580.jpg\",\"width\":513,\"height\":580,\"mime-type\":\"image\\\/jpeg\",\"filesize\":47565},\"mobile\":{\"file\":\"SHF_eb00217383_1-1-636x720.jpg\",\"width\":636,\"height\":720,\"mime-type\":\"image\\\/jpeg\",\"filesize\":67549},\"original\":{\"file\":\"SHF_eb00217383_1-1.jpg\",\"width\":945,\"height\":1069}},\n\t\t\t\t\"alt\" : \"Person spricht an einem Tisch mit Wasserkrug und Gl\\u00e4sern, im Hintergrund eine grobe Skulptur.\",\n\t\t\t\t\"path\" : \"\\\/wp-content\\\/uploads\\\/2024\\\/02\\\/\",\n\t\t\t\t\"video\" : null,\n\t\t\t\t\"autoplay\" : null,\n\t\t\t\t\"youtube\" : null,\n\t\t\t\t\"youtubelabel\" : \"Video abspielen\",\n\t\t\t\t\"brightness\" : 100,\n\t\t\t\t\"crop\" : null,\n\t\t\t\t\"background\" : false,\n\t\t\t\t\"scale\" : 1\t\t\t\t}\n\t\t\t<\/script>\n\n\t\t\t<div class=\"height-container\" style=\"padding-bottom:113.12169312169%;\" v-if=\"sizes\">\n\t\t\t\t\t\t\t\t<lazy-media :inline=\"true\" :alt=\"alt\" :sizes=\"sizes\" :scale=\"scale\" :brightness=\"brightness\" :path=\"path\" :video=\"video\" :autoplay=\"autoplay\" :youtube=\"youtube\" :crop=\"crop\" :youtubelabel=\"youtubelabel\" :background=\"background\" media-id=\"desc_media_69f14205e1d26\"><\/lazy-media>\n\t\t\t\t\t\t\t<\/div>\n\n\t\t\t\t\t\t\t<div class=\"lazy-media-info-container-fluid\">\n\t\t\t\t<div class=\"lazy-media-info-row end-xs\">\n\t\t\t\t\t<div class=\"lazy-media-info-col\">\n\t\t\t\t\t\t<div class=\"lazy-media-info\" aria-expanded=\"false\" :aria-expanded=\"isOpen ? 'true' : 'false'\">\n\t\t\t\t\t\t\t<button class=\"lazy-media-info-head button-tiny\" :class=\"{'button-active': isOpen}\" @click=\"toggle\" ref=\"head\"><span class=\"button-label insignificant\">Bildinfo<\/span><\/button>\n\t\t\t\t\t\t\t<figcaption class=\"lazy-media-info-body\" ref=\"body\" id=\"desc_media_69f14205e1d26\">\n\t\t\t\t\t\t\t\t<div class=\"lazy-media-info-body-content\">\n\t\t\t\t\t\t\t\t\t\t\t\t\t\t\t\t\t\t\t\t\t\t\t\t\t\t\t\t<div>Die Schauspielerin Alina Vimbai Str&auml;hler las am Veranstaltungsabend Ausz&uuml;ge aus dem Buch &bdquo;Guineische Reise-Beschreibung&quot; <\/div>\n\t\t\t\t\t\t\t\t\t\t\t\t\t\t\t\t\t\t\t\t\t\t\t\t\t\t\t\t<div class=\"insignificant\">\u00a9 Stiftung Humboldt Forum im Berliner Schloss, Foto: David von Becker<\/div>\n\t\t\t\t\t\t\t\t\t\t\t\t\t\t\t\t\t<\/div>\n\t\t\t\t\t\t\t<\/figcaption>\n\t\t\t\t\t\t\t<div class=\"lazy-media-info-head-border\"><\/div>\n\t\t\t\t\t\t<\/div>\n\t\t\t\t\t<\/div>\n\t\t\t\t<\/div>\n\t\t\t<\/div>\n\t\t\t\t\t\t\t\t\t<\/figure>\n\t<\/lazy-media-inline>\n\t\t\t<\/div>\n\t\t\t<div class=\"col-xs-10 col-sm-6 col-md-5 copy margin-bottom-half\"><p>Die Darstellungen Gr\u00f6bens wurden in den folgenden Jahrhunderten immer wieder aufgegriffen und waren \u00e4u\u00dferst wirkm\u00e4chtig. Sie dienten der Legitimation von Rassismus und der <a href=\"https:\/\/www.humboldtforum.org\/de\/magazin\/artikel\/der-kaiser-das-berliner-schloss-und-der-deutsche-kolonialismus\/\">kolonialistischen Bestrebungen in der deutschen Kaiserzeit<\/a>.<\/p>\n<p><em>Wenn Sie mehr erfahren wollen, finden Sie Gabriele Leschkes Dissertation \u201eOtto Friedrich von der Gr\u00f6ben und der koloniale Diskurs\u201c von 2021 <a href=\"https:\/\/refubium.fu-berlin.de\/handle\/fub188\/30407\" target=\"_blank\" rel=\"noopener\">hier<\/a><\/em><em> online.<br \/>\n<\/em><\/p>\n<p><em>Das von Gr\u00f6ben Kurf\u00fcrst Friedrich Wilhelm von Brandenburg gewidmete, handschriftliche Exemplar seiner \u201eGuineische Reise-Beschreibung\u201c ist <a href=\"https:\/\/digital.staatsbibliothek-berlin.de\/werkansicht?PPN=PPN885562984&amp;PHYSID=PHYS_0001\" target=\"_blank\" rel=\"noopener\">hier <\/a><\/em><em>\u00a0als Digitalisat bei der Staatsbibliothek zu Berlin Preu\u00dfischer Kulturbesitz einsehbar.<\/em><\/p>\n<p>&nbsp;<\/p>\n<\/div>\n\t\t<\/div>\n\t<\/div>\n<\/section>\n\n<section class=\"block block-teaser col-3 \" style=\"\">\n\t<lazy-component :fixed-min-height=\"400\">\n\t\n\t\t\t\t\t<div class=\"container-fluid\">\n\t\t\t\t<div class=\"row bottom-xs\">\n\t\t\t\t\t<div class=\"col-xs-12 col-md-8\">\n\t\t\t\t\t\t<h4>ORTS-Termin vom 23. November 2023<\/h4>\t\t\t\t\t\t\t\t\t\t\t\t\t\t\t\t\t\t\t<\/div>\n\t\t\t\t\t<div class=\"col-xs-12 col-md-4 start-xs end-md margin-bottom-sixth\">\n\t\t\t\t\t\t\t\t\t\t\t<\/div>\n\t\t\t\t<\/div>\n\t\t\t\t<ul class=\"row\"> <li class=\"col-xs-12 col-sm-6 col-md-4  teaser-wrapper col-padding-remove\">\n\t<calendarteaser key=\"1069767067\" rawitem='{&quot;postId&quot;:106976,&quot;title&quot;:&quot;Der brandenburgische Kolonialismus in Westafrika&quot;,&quot;excerpt&quot;:&quot;&quot;,&quot;slug&quot;:&quot;der-brandenburgische-kolonialismus-in-westafrika&quot;,&quot;post_date&quot;:&quot;2023-10-31T14:18&quot;,&quot;type&quot;:&quot;event&quot;,&quot;permalink&quot;:&quot;https:\\\/\\\/www.humboldtforum.org\\\/de\\\/programm\\\/termin\\\/diskurs\\\/der-brandenburgische-kolonialismus-in-westafrika-106976\\\/&quot;,&quot;genre&quot;:[392],&quot;genre_details&quot;:[{&quot;text&quot;:&quot;Diskurs&quot;,&quot;id&quot;:392,&quot;icon&quot;:null,&quot;parent&quot;:0}],&quot;stakeholder&quot;:[382],&quot;stakeholder_details&quot;:[{&quot;text&quot;:&quot;Stiftung Humboldt Forum im Berliner Schloss&quot;,&quot;id&quot;:382,&quot;icon&quot;:null,&quot;parent&quot;:0}],&quot;language&quot;:[384],&quot;language_details&quot;:[{&quot;text&quot;:&quot;Deutsch&quot;,&quot;id&quot;:384,&quot;icon&quot;:null,&quot;parent&quot;:0}],&quot;age&quot;:[451],&quot;age_details&quot;:[{&quot;text&quot;:&quot;ab 14 Jahre&quot;,&quot;id&quot;:451,&quot;icon&quot;:null,&quot;parent&quot;:0}],&quot;place&quot;:[404,424],&quot;place_details&quot;:{&quot;place&quot;:&quot;Humboldt Forum&quot;,&quot;map&quot;:&quot;Humboldt Forum, Schlossplatz, Berlin&quot;,&quot;room&quot;:&quot;Saal 3, EG&quot;},&quot;icon_overwrite&quot;:&quot;&quot;,&quot;acf&quot;:{&quot;noindex&quot;:false,&quot;keywords&quot;:&quot;&quot;,&quot;hashtag&quot;:&quot;HumboldtForum&quot;,&quot;belongsto&quot;:[14203],&quot;shorturl&quot;:&quot;&quot;,&quot;times&quot;:[],&quot;planning&quot;:{&quot;price&quot;:&quot;5 EUR, erm. 2,50 EUR&quot;,&quot;admission&quot;:&quot;&quot;,&quot;pause&quot;:&quot;&quot;,&quot;duration&quot;:&quot;120&quot;},&quot;additional_info&quot;:{&quot;icon&quot;:&quot;0&quot;,&quot;text&quot;:&quot;&quot;},&quot;highlight_header&quot;:false,&quot;use_video_in_teasers&quot;:false,&quot;hyphenation&quot;:false,&quot;tipp&quot;:false,&quot;joker&quot;:false,&quot;live&quot;:false,&quot;hide_event_in_program&quot;:false,&quot;gomus_id&quot;:&quot;&quot;,&quot;hm_id&quot;:&quot;&quot;,&quot;featured_images&quot;:[109470],&quot;subline&quot;:&quot;Ein kritischer Blick auf die \\&quot;Guineische Reise-Beschreibung\\&quot; von 1694\\t&quot;},&quot;date&quot;:{&quot;NX&quot;:null,&quot;NXX&quot;:null,&quot;NLAST&quot;:&quot;202311231700&quot;,&quot;from_DATE&quot;:&quot;20231123 19:00&quot;,&quot;from&quot;:1700758800,&quot;to&quot;:1700758800,&quot;to_DATE&quot;:&quot;20231123 19:00&quot;,&quot;from_HRFSHORT&quot;:&quot;23. Nov 2023&quot;,&quot;from_HRFSHORT_WD&quot;:&quot;Do 23.11.2023&quot;,&quot;to_HRFSHORT&quot;:&quot;23. Nov 2023&quot;,&quot;to_HRFSHORT_WD&quot;:&quot;Do 23.11.2023&quot;,&quot;from_HRF&quot;:&quot;Do, 23. November 2023&quot;,&quot;to_HRF&quot;:&quot;Do, 23. November 2023&quot;,&quot;from_to_HRF&quot;:&quot;Do, 23. November \\u2013 Do, 23. November 2023&quot;,&quot;from_to_HRFSHORT&quot;:&quot;23. Nov \\u2013 23. Nov 2023&quot;},&quot;alert&quot;:null,&quot;partof&quot;:[14203],&quot;marketing_topic&quot;:{&quot;title&quot;:&quot;ORTS-Termin&quot;,&quot;ID&quot;:14203,&quot;reason&quot;:&quot;sequence&quot;}}' inline-template>\n\t<a href=\"https:\/\/www.humboldtforum.org\/de\/programm\/termin\/diskurs\/der-brandenburgische-kolonialismus-in-westafrika-106976\/\" class=\"teaser teaser-event teaser-event-standard\">\n\t\t<div class=\"row\">\n\t\t\t<div class=\"col-xs-12 teaser-event-image\">\n\t\t\t\t<div class=\"teaser-image teaser-image-no-alternate\">\n\t\t\t\t\t\t\t\t\t\t\t\n\t<lazy-media-inline inline-template>\n\t\t<figure itemscope itemtype=\"http:\/\/schema.org\/ImageObject\" class=\"lazy-media-inline \" role=\"group\" id=\"media_69f14205f0556\" aria-labelledby=\"desc_media_69f14205f0556\">\n\t\t\t<script type=\"application\/json\" ref=\"data\">\n\t\t\t\t{\n\t\t\t\t\"sizes\" : {\"medium\":{\"file\":\"SHF_eb00208673-1-300x200.jpg\",\"width\":300,\"height\":200,\"mime-type\":\"image\\\/jpeg\",\"filesize\":9273},\"large\":{\"file\":\"SHF_eb00208673-1-1024x683.jpg\",\"width\":1024,\"height\":683,\"mime-type\":\"image\\\/jpeg\",\"filesize\":77986},\"thumbnail\":{\"file\":\"SHF_eb00208673-1-150x150.jpg\",\"width\":150,\"height\":150,\"mime-type\":\"image\\\/jpeg\",\"filesize\":4793},\"medium_large\":{\"file\":\"SHF_eb00208673-1-768x512.jpg\",\"width\":768,\"height\":512,\"mime-type\":\"image\\\/jpeg\",\"filesize\":45912},\"small\":{\"file\":\"SHF_eb00208673-1-440x293.jpg\",\"width\":440,\"height\":293,\"mime-type\":\"image\\\/jpeg\",\"filesize\":17108},\"semi\":{\"file\":\"SHF_eb00208673-1-580x387.jpg\",\"width\":580,\"height\":387,\"mime-type\":\"image\\\/jpeg\",\"filesize\":27927},\"mobile\":{\"file\":\"SHF_eb00208673-1-720x480.jpg\",\"width\":720,\"height\":480,\"mime-type\":\"image\\\/jpeg\",\"filesize\":40790},\"hd\":{\"file\":\"SHF_eb00208673-1-1280x853.jpg\",\"width\":1280,\"height\":853,\"mime-type\":\"image\\\/jpeg\",\"filesize\":118482},\"original\":{\"file\":\"SHF_eb00208673-1.jpg\",\"width\":1500,\"height\":1000}},\n\t\t\t\t\"alt\" : \"Aufgeschlagenes Buch mit dem Titel \\u201eDeutsche Reisebeschreibung\\u201c auf der ersten Seite.\",\n\t\t\t\t\"path\" : \"\\\/wp-content\\\/uploads\\\/2023\\\/10\\\/\",\n\t\t\t\t\"video\" : null,\n\t\t\t\t\"autoplay\" : null,\n\t\t\t\t\"youtube\" : null,\n\t\t\t\t\"youtubelabel\" : \"Video abspielen\",\n\t\t\t\t\"brightness\" : 100,\n\t\t\t\t\"crop\" : {\"top\":\"50.62\",\"left\":\"49.79\"},\n\t\t\t\t\"background\" : true,\n\t\t\t\t\"scale\" : 2\t\t\t\t}\n\t\t\t<\/script>\n\n\t\t\t<div class=\"height-container\" style=\"padding-bottom:66.666666666667%;\" v-if=\"sizes\">\n\t\t\t\t\t\t\t\t<lazy-media :inline=\"true\" :alt=\"alt\" :sizes=\"sizes\" :scale=\"scale\" :brightness=\"brightness\" :path=\"path\" :video=\"video\" :autoplay=\"autoplay\" :youtube=\"youtube\" :crop=\"crop\" :youtubelabel=\"youtubelabel\" :background=\"background\" media-id=\"desc_media_69f14205f0556\"><\/lazy-media>\n\t\t\t\t\t\t\t<\/div>\n\n\t\t\t\t\t\t\t<figcaption class=\"sr-only\" ref=\"body\" id=\"desc_media_69f14205f0556\">\n\t\t\t\t\t\t\t\t\t\t\t\t\t\t\t\t<div>Aufgeschlagene Seite des Buchs &quot;Orientalische Reise-Beschreibung des Brandenburgischen Adelichen Pilgers Otto von der Gr&ouml;ben: nebst der Brandenburgischen Schifffahrt nach Guinea und der Verrichtung zu Morea, Unter ihrem Titel.&quot; Marienwerder, 1694. <\/div>\n\t\t\t\t\t\t\t\t\t\t\t\t\t\t\t\t<div class=\"insignificant\">\u00a9 SLB Potsdam, CC BY-NC-SA<\/div>\n\t\t\t\t\t\t\t\t\t<\/figcaption>\n\t\t\t\t\t<\/figure>\n\t<\/lazy-media-inline>\n\t\t\t\t<\/div>\n\t\t\t<\/div>\n\t\t\t<div class=\"col-xs-12 teaser-event-text Infos\">\n\t\t\t\t<div class=\"teaser-event-standard-text\">\n\t\t\t\t\t<div class=\"margin-bottom-atom\">\n\t\t\t\t\t\t<div class=\"subline clamp-1\" v-html=\"maingenre\"><\/div>\n\t\t\t\t\t\t\t\t\t\t\t\t\t<div class=\"insignificant clamp-2\">ORTS-Termin<\/div>\n\t\t\t\t\t\t\t\t\t\t\t<\/div>\n\t\t\t\t\n\t\t\t\t\t<strong class=\"margin-bottom-atom\">Der brandenburgische Kolonialismus in Westafrika<\/strong>\n\n\t\t\t\t\t\t\t\t\t\t\t<div class=\"\">Ein kritischer Blick auf die &#8222;Guineische Reise-Beschreibung&#8220; von 1694\t<\/div>\n\t\t\t\t\t\t\t\t\t<\/div>\n\t\t\t\t<div class=\"teaser-bottom border-bottom\">\n\t\t\t\t<calendardateline :rawitem='item' :show-icon=\"true\"><\/calendardateline>\n\t\t\t\t\t<hr>\n\t\t\t\t<\/div>\n\t\t\t<\/div>\n\t\t<\/div>\n\t<\/a>\n\t<\/calendarteaser>\n<\/li>\n\n<\/ul>\n\t\t\t<\/div>\n\t\t\t\t<\/lazy-component>\n<\/section>\n\n","protected":false},"excerpt":{"rendered":"","protected":false},"featured_media":122686,"template":"","magazine-topic":[],"magazine-format":[110],"magazine-author":[1862],"class_list":["post-122681","magazine-article","type-magazine-article","status-publish","has-post-thumbnail","hentry","magazine-format-debatte","magazine-author-katja-gimpel"],"acf":[],"_links":{"self":[{"href":"https:\/\/www.humboldtforum.org\/de\/wp-json\/wp\/v2\/magazine-article\/122681","targetHints":{"allow":["GET"]}}],"collection":[{"href":"https:\/\/www.humboldtforum.org\/de\/wp-json\/wp\/v2\/magazine-article"}],"about":[{"href":"https:\/\/www.humboldtforum.org\/de\/wp-json\/wp\/v2\/types\/magazine-article"}],"version-history":[{"count":12,"href":"https:\/\/www.humboldtforum.org\/de\/wp-json\/wp\/v2\/magazine-article\/122681\/revisions"}],"predecessor-version":[{"id":127779,"href":"https:\/\/www.humboldtforum.org\/de\/wp-json\/wp\/v2\/magazine-article\/122681\/revisions\/127779"}],"wp:featuredmedia":[{"embeddable":true,"href":"https:\/\/www.humboldtforum.org\/de\/wp-json\/wp\/v2\/media\/122686"}],"wp:attachment":[{"href":"https:\/\/www.humboldtforum.org\/de\/wp-json\/wp\/v2\/media?parent=122681"}],"wp:term":[{"taxonomy":"magazine-topic","embeddable":true,"href":"https:\/\/www.humboldtforum.org\/de\/wp-json\/wp\/v2\/magazine-topic?post=122681"},{"taxonomy":"magazine-format","embeddable":true,"href":"https:\/\/www.humboldtforum.org\/de\/wp-json\/wp\/v2\/magazine-format?post=122681"},{"taxonomy":"magazine-author","embeddable":true,"href":"https:\/\/www.humboldtforum.org\/de\/wp-json\/wp\/v2\/magazine-author?post=122681"}],"curies":[{"name":"wp","href":"https:\/\/api.w.org\/{rel}","templated":true}]}}