{"id":2312,"date":"2018-11-22T17:09:00","date_gmt":"2018-11-22T16:09:00","guid":{"rendered":"https:\/\/www.humboldtforum.org\/?post_type=magazine-article&#038;p=2312"},"modified":"2020-05-22T17:18:07","modified_gmt":"2020-05-22T15:18:07","slug":"eine-buhne-fur-die-weltkulturen-mitten-in-berlin","status":"publish","type":"magazine-article","link":"https:\/\/www.humboldtforum.org\/de\/magazin\/artikel\/eine-buhne-fur-die-weltkulturen-mitten-in-berlin\/","title":{"rendered":"Eine B\u00fchne f\u00fcr die Weltkulturen, mitten in Berlin"},"content":{"rendered":"<section class=\"block block-standard-image-copy rev2nd\"> \n\t<div class=\"container-fluid\">\n\t\t<div class=\"row middle-sm\">\n\t\t\t<div class=\"col-xs-10 col-sm-6 margin-bottom-sixth\" data-motion-parallax='{\"child\":\".image-wrapper\",\"mask\":\".lazy-media\",\"tween\":{\"yPercent\": [-15,15]}}'>\n\t\t\t\t\n\t<lazy-media-inline inline-template>\n\t\t<figure itemscope itemtype=\"http:\/\/schema.org\/ImageObject\" class=\"lazy-media-inline \" role=\"group\" id=\"media_69ee306cad8a1\" aria-labelledby=\"desc_media_69ee306cad8a1\">\n\t\t\t<script type=\"application\/json\" ref=\"data\">\n\t\t\t\t{\n\t\t\t\t\"sizes\" : {\"medium\":{\"file\":\"HF_eb00004673-scaled-300x179.jpg\",\"width\":300,\"height\":179,\"mime-type\":\"image\\\/jpeg\"},\"large\":{\"file\":\"HF_eb00004673-scaled-1024x612.jpg\",\"width\":1024,\"height\":612,\"mime-type\":\"image\\\/jpeg\"},\"thumbnail\":{\"file\":\"HF_eb00004673-scaled-150x150.jpg\",\"width\":150,\"height\":150,\"mime-type\":\"image\\\/jpeg\"},\"medium_large\":{\"file\":\"HF_eb00004673-scaled-768x459.jpg\",\"width\":768,\"height\":459,\"mime-type\":\"image\\\/jpeg\"},\"small\":{\"file\":\"HF_eb00004673-scaled-440x263.jpg\",\"width\":440,\"height\":263,\"mime-type\":\"image\\\/jpeg\"},\"semi\":{\"file\":\"HF_eb00004673-scaled-580x347.jpg\",\"width\":580,\"height\":347,\"mime-type\":\"image\\\/jpeg\"},\"mobile\":{\"file\":\"HF_eb00004673-scaled-720x430.jpg\",\"width\":720,\"height\":430,\"mime-type\":\"image\\\/jpeg\"},\"hd\":{\"file\":\"HF_eb00004673-scaled-1280x765.jpg\",\"width\":1280,\"height\":765,\"mime-type\":\"image\\\/jpeg\"},\"full\":{\"file\":\"HF_eb00004673-scaled-1920x1148.jpg\",\"width\":1920,\"height\":1148,\"mime-type\":\"image\\\/jpeg\"},\"1536x1536\":{\"file\":\"HF_eb00004673-scaled-1536x918.jpg\",\"width\":1536,\"height\":918,\"mime-type\":\"image\\\/jpeg\"},\"2048x2048\":{\"file\":\"HF_eb00004673-scaled-2048x1224.jpg\",\"width\":2048,\"height\":1224,\"mime-type\":\"image\\\/jpeg\"},\"original\":{\"file\":\"HF_eb00004673-scaled.jpg\",\"width\":2560,\"height\":1530}},\n\t\t\t\t\"alt\" : \"Bauplan eines Geb\\u00e4udes mit kreisf\\u00f6rmigem Element und rechteckigen Bereichen, schematische Darstellung in Wei\\u00df.\",\n\t\t\t\t\"path\" : \"\\\/wp-content\\\/uploads\\\/2020\\\/04\\\/\",\n\t\t\t\t\"video\" : null,\n\t\t\t\t\"autoplay\" : null,\n\t\t\t\t\"youtube\" : null,\n\t\t\t\t\"youtubelabel\" : \"Video abspielen\",\n\t\t\t\t\"brightness\" : 100,\n\t\t\t\t\"crop\" : null,\n\t\t\t\t\"background\" : false,\n\t\t\t\t\"scale\" : 1\t\t\t\t}\n\t\t\t<\/script>\n\n\t\t\t<div class=\"height-container\" style=\"padding-bottom:59.765625%;\" v-if=\"sizes\">\n\t\t\t\t<zoom id=\"U69ee306cadac6\" type=\"1\">\t\t\t\t<lazy-media :inline=\"true\" :alt=\"alt\" :sizes=\"sizes\" :scale=\"scale\" :brightness=\"brightness\" :path=\"path\" :video=\"video\" :autoplay=\"autoplay\" :youtube=\"youtube\" :crop=\"crop\" :youtubelabel=\"youtubelabel\" :background=\"background\" media-id=\"desc_media_69ee306cad8a1\"><\/lazy-media>\n\t\t\t\t<\/zoom>\t\t\t<\/div>\n\n\t\t\t\t\t\t\t<div class=\"lazy-media-info-container-fluid\">\n\t\t\t\t<div class=\"lazy-media-info-row end-xs\">\n\t\t\t\t\t<div class=\"lazy-media-info-col\">\n\t\t\t\t\t\t<div class=\"lazy-media-info\" aria-expanded=\"false\" :aria-expanded=\"isOpen ? 'true' : 'false'\">\n\t\t\t\t\t\t\t<button class=\"lazy-media-info-head button-tiny\" :class=\"{'button-active': isOpen}\" @click=\"toggle\" ref=\"head\"><span class=\"button-label insignificant\">Bildinfo<\/span><\/button>\n\t\t\t\t\t\t\t<figcaption class=\"lazy-media-info-body\" ref=\"body\" id=\"desc_media_69ee306cad8a1\">\n\t\t\t\t\t\t\t\t<div class=\"lazy-media-info-body-content\">\n\t\t\t\t\t\t\t\t\t\t\t\t\t\t\t\t\t\t\t<div>Aufsicht Dach Humboldt Forum<\/div>\n\t\t\t\t\t\t\t\t\t\t\t\t\t\t\t\t\t\t\t\t\t\t\t\t\t\t\t\t\t\t\t\t\t\t\t\t\t<div class=\"insignificant\">\u00a9 SHF \/ Architekt: Franco Stella mit FS HUF PG<\/div>\n\t\t\t\t\t\t\t\t\t\t\t\t\t\t\t\t\t<\/div>\n\t\t\t\t\t\t\t<\/figcaption>\n\t\t\t\t\t\t\t<div class=\"lazy-media-info-head-border\"><\/div>\n\t\t\t\t\t\t<\/div>\n\t\t\t\t\t<\/div>\n\t\t\t\t<\/div>\n\t\t\t<\/div>\n\t\t\t\t\t\t\t\t\t<\/figure>\n\t<\/lazy-media-inline>\n\t\t\t<\/div>\n\t\t\t<div class=\"col-xs-10 col-sm-6 col-md-5 copy margin-bottom-half\"><p>Das Humboldt Forum im Berliner Schloss habe ich als einen Palast entworfen, dessen sechs Portale als Stadttore und dessen drei Innenh\u00f6fe als Stadtpl\u00e4tze konzipiert sind \u2013 also als eine Stadt in Form eines Palastes. Alt und Neu \u2013 mit je eigener, unverkennbarer Formensprache \u2013 werden architektonisch durch die Ideen des Palastes und der Piazza harmonisch miteinander verbunden. Vom Palast ist die Architektur des neuen Ostfl\u00fcgels inspiriert; der Piazza sind die vier neuen, innen errichteten Bauk\u00f6rper, verpflichtet.<\/p>\n<\/div>\n\t\t<\/div>\n\t<\/div>\n<\/section>\n\n<section class=\"block block-copy block-no-margin\" >\n    <div class=\"container-fluid\">\n\t\t<div class=\"row \">\n            <div class=\"col-xs-12 col-md-offset-2 col-md-8\">\n                <div class=\"box\">\n                    <div class=\"copy\"><p>Der Palast \u2013 eigentlich der vierfl\u00fcgelige Palast \u2013 war der architektonische Bautyp, zu dem die drei barocken Schlossfl\u00fcgel nach dem urspr\u00fcnglichen Entwurf des Architekten Andreas Schl\u00fcter tendierten. Andererseits war die Piazza \u2013 eigentlich die Theater-Piazza \u2013 das Vorbild f\u00fcr die Architektur barocker Schlossh\u00f6fe, insbesondere des Schl\u00fcterhofes.<\/p>\n<p>&nbsp;<\/p>\n<\/div>\n                <\/div>\n            <\/div>\n\t\t<\/div>\n\t\t    <\/div>\n<\/section>\n\n<section class=\"block block-standard-two-images \">\n\t<div class=\"container-fluid\">\n\t\t<div class=\"row\">\n\t\t\t<div class=\"col-xs-12 col-md-4\">\n\t\t\t\t<div class=\"box first-image\" data-motion-parallax='{\"child\":\".image-wrapper\",\"mask\":\".lazy-media\",\"tween\":{\"yPercent\": [-20,20]}}'>\n\t\t\t\t\t\n\t<lazy-media-inline inline-template>\n\t\t<figure itemscope itemtype=\"http:\/\/schema.org\/ImageObject\" class=\"lazy-media-inline \" role=\"group\" id=\"media_69ee306cb28db\" aria-labelledby=\"desc_media_69ee306cb28db\">\n\t\t\t<script type=\"application\/json\" ref=\"data\">\n\t\t\t\t{\n\t\t\t\t\"sizes\" : {\"medium\":{\"file\":\"HF_eb00004680-scaled-300x186.jpg\",\"width\":300,\"height\":186,\"mime-type\":\"image\\\/jpeg\"},\"large\":{\"file\":\"HF_eb00004680-scaled-1024x634.jpg\",\"width\":1024,\"height\":634,\"mime-type\":\"image\\\/jpeg\"},\"thumbnail\":{\"file\":\"HF_eb00004680-scaled-150x150.jpg\",\"width\":150,\"height\":150,\"mime-type\":\"image\\\/jpeg\"},\"medium_large\":{\"file\":\"HF_eb00004680-scaled-768x475.jpg\",\"width\":768,\"height\":475,\"mime-type\":\"image\\\/jpeg\"},\"small\":{\"file\":\"HF_eb00004680-scaled-440x272.jpg\",\"width\":440,\"height\":272,\"mime-type\":\"image\\\/jpeg\"},\"semi\":{\"file\":\"HF_eb00004680-scaled-580x359.jpg\",\"width\":580,\"height\":359,\"mime-type\":\"image\\\/jpeg\"},\"mobile\":{\"file\":\"HF_eb00004680-scaled-720x446.jpg\",\"width\":720,\"height\":446,\"mime-type\":\"image\\\/jpeg\"},\"hd\":{\"file\":\"HF_eb00004680-scaled-1280x792.jpg\",\"width\":1280,\"height\":792,\"mime-type\":\"image\\\/jpeg\"},\"full\":{\"file\":\"HF_eb00004680-scaled-1920x1188.jpg\",\"width\":1920,\"height\":1188,\"mime-type\":\"image\\\/jpeg\"},\"1536x1536\":{\"file\":\"HF_eb00004680-scaled-1536x950.jpg\",\"width\":1536,\"height\":950,\"mime-type\":\"image\\\/jpeg\"},\"2048x2048\":{\"file\":\"HF_eb00004680-scaled-2048x1267.jpg\",\"width\":2048,\"height\":1267,\"mime-type\":\"image\\\/jpeg\"},\"original\":{\"file\":\"HF_eb00004680-scaled.jpg\",\"width\":2560,\"height\":1584}},\n\t\t\t\t\"alt\" : \"Menschenmenge im Innenhof eines historischen Geb\\u00e4udes unter klarem Himmel. Klassische Architektur ist zu sehen.\",\n\t\t\t\t\"path\" : \"\\\/wp-content\\\/uploads\\\/2020\\\/04\\\/\",\n\t\t\t\t\"video\" : null,\n\t\t\t\t\"autoplay\" : null,\n\t\t\t\t\"youtube\" : null,\n\t\t\t\t\"youtubelabel\" : \"Video abspielen\",\n\t\t\t\t\"brightness\" : 100,\n\t\t\t\t\"crop\" : null,\n\t\t\t\t\"background\" : false,\n\t\t\t\t\"scale\" : 1\t\t\t\t}\n\t\t\t<\/script>\n\n\t\t\t<div class=\"height-container\" style=\"padding-bottom:61.875%;\" v-if=\"sizes\">\n\t\t\t\t<zoom id=\"U69ee306cb2a6a\" type=\"1\">\t\t\t\t<lazy-media :inline=\"true\" :alt=\"alt\" :sizes=\"sizes\" :scale=\"scale\" :brightness=\"brightness\" :path=\"path\" :video=\"video\" :autoplay=\"autoplay\" :youtube=\"youtube\" :crop=\"crop\" :youtubelabel=\"youtubelabel\" :background=\"background\" media-id=\"desc_media_69ee306cb28db\"><\/lazy-media>\n\t\t\t\t<\/zoom>\t\t\t<\/div>\n\n\t\t\t\t\t\t\t<div class=\"lazy-media-info-container-fluid\">\n\t\t\t\t<div class=\"lazy-media-info-row end-xs\">\n\t\t\t\t\t<div class=\"lazy-media-info-col\">\n\t\t\t\t\t\t<div class=\"lazy-media-info\" aria-expanded=\"false\" :aria-expanded=\"isOpen ? 'true' : 'false'\">\n\t\t\t\t\t\t\t<button class=\"lazy-media-info-head button-tiny\" :class=\"{'button-active': isOpen}\" @click=\"toggle\" ref=\"head\"><span class=\"button-label insignificant\">Bildinfo<\/span><\/button>\n\t\t\t\t\t\t\t<figcaption class=\"lazy-media-info-body\" ref=\"body\" id=\"desc_media_69ee306cb28db\">\n\t\t\t\t\t\t\t\t<div class=\"lazy-media-info-body-content\">\n\t\t\t\t\t\t\t\t\t\t\t\t\t\t\t\t\t\t\t<div>Visualisierung: Blick in den Schl&uuml;terhof w&auml;hrend einer Veranstaltung<\/div>\n\t\t\t\t\t\t\t\t\t\t\t\t\t\t\t\t\t\t\t\t\t\t\t\t\t\t\t\t\t\t\t\t\t\t\t\t\t<div class=\"insignificant\">\u00a9 SHF \/ Architekt: Franco Stella mit FS HUF PG<\/div>\n\t\t\t\t\t\t\t\t\t\t\t\t\t\t\t\t\t<\/div>\n\t\t\t\t\t\t\t<\/figcaption>\n\t\t\t\t\t\t\t<div class=\"lazy-media-info-head-border\"><\/div>\n\t\t\t\t\t\t<\/div>\n\t\t\t\t\t<\/div>\n\t\t\t\t<\/div>\n\t\t\t<\/div>\n\t\t\t\t\t\t\t\t\t<\/figure>\n\t<\/lazy-media-inline>\n\t\t\t\t<\/div>\n\t\t\t\t<div class=\"copy\">\n\t\t\t\t\t<p class=\"Moderation\">Im Schl\u00fcterhof, einst Ort h\u00f6fischen Zeremoniells, werden k\u00fcnftig vielf\u00e4ltige Veranstaltungen stattfinden. Die Architektur seines neuen Westfl\u00fcgels ist dem Thema des Theaterplatzes ebenso verpflichtet wie seine drei rekonstruierten Fl\u00fcgel. So ist auch die den Hof erg\u00e4nzende, moderne Fassade vom Motiv der zweigeschossigen steinernen Lauben gepr\u00e4gt, einer nicht realisierten Idee Schl\u00fcters folgend. <\/p>\n\t\t\t\t<\/div>\n\t\t\t<\/div>\n\t\t\t<div class=\"col-xs-12 col-md-8 second-image\" data-motion-parallax='{\"child\":\".image-wrapper\",\"mask\":\".lazy-media\",\"tween\":{\"yPercent\": [-15,15]}}'>\n\t\t\t\t\n\t<lazy-media-inline inline-template>\n\t\t<figure itemscope itemtype=\"http:\/\/schema.org\/ImageObject\" class=\"lazy-media-inline \" role=\"group\" id=\"media_69ee306cb2c30\" aria-labelledby=\"desc_media_69ee306cb2c30\">\n\t\t\t<script type=\"application\/json\" ref=\"data\">\n\t\t\t\t{\n\t\t\t\t\"sizes\" : {\"medium\":{\"file\":\"HF_eb00041807-scaled-250x300.jpg\",\"width\":250,\"height\":300,\"mime-type\":\"image\\\/jpeg\"},\"large\":{\"file\":\"HF_eb00041807-scaled-853x1024.jpg\",\"width\":853,\"height\":1024,\"mime-type\":\"image\\\/jpeg\"},\"thumbnail\":{\"file\":\"HF_eb00041807-scaled-150x150.jpg\",\"width\":150,\"height\":150,\"mime-type\":\"image\\\/jpeg\"},\"medium_large\":{\"file\":\"HF_eb00041807-scaled-768x922.jpg\",\"width\":768,\"height\":922,\"mime-type\":\"image\\\/jpeg\"},\"small\":{\"file\":\"HF_eb00041807-scaled-367x440.jpg\",\"width\":367,\"height\":440,\"mime-type\":\"image\\\/jpeg\"},\"semi\":{\"file\":\"HF_eb00041807-scaled-483x580.jpg\",\"width\":483,\"height\":580,\"mime-type\":\"image\\\/jpeg\"},\"mobile\":{\"file\":\"HF_eb00041807-scaled-600x720.jpg\",\"width\":600,\"height\":720,\"mime-type\":\"image\\\/jpeg\"},\"hd\":{\"file\":\"HF_eb00041807-scaled-1067x1280.jpg\",\"width\":1067,\"height\":1280,\"mime-type\":\"image\\\/jpeg\"},\"full\":{\"file\":\"HF_eb00041807-scaled-1600x1920.jpg\",\"width\":1600,\"height\":1920,\"mime-type\":\"image\\\/jpeg\"},\"1536x1536\":{\"file\":\"HF_eb00041807-scaled-1280x1536.jpg\",\"width\":1280,\"height\":1536,\"mime-type\":\"image\\\/jpeg\"},\"2048x2048\":{\"file\":\"HF_eb00041807-scaled-1706x2048.jpg\",\"width\":1706,\"height\":2048,\"mime-type\":\"image\\\/jpeg\"},\"original\":{\"file\":\"HF_eb00041807-scaled.jpg\",\"width\":2133,\"height\":2560}},\n\t\t\t\t\"alt\" : \"Konzertveranstaltung im Schl\\u00fcterhof im Sommer 2018\",\n\t\t\t\t\"path\" : \"\\\/wp-content\\\/uploads\\\/2020\\\/04\\\/\",\n\t\t\t\t\"video\" : null,\n\t\t\t\t\"autoplay\" : null,\n\t\t\t\t\"youtube\" : null,\n\t\t\t\t\"youtubelabel\" : \"Video abspielen\",\n\t\t\t\t\"brightness\" : 100,\n\t\t\t\t\"crop\" : {\"top\":\"50.00\",\"left\":\"50.00\"},\n\t\t\t\t\"background\" : true,\n\t\t\t\t\"scale\" : 2\t\t\t\t}\n\t\t\t<\/script>\n\n\t\t\t<div class=\"height-container\" style=\"padding-bottom:120.01875293015%;\" v-if=\"sizes\">\n\t\t\t\t<zoom id=\"U69ee306cb2d61\" type=\"1\">\t\t\t\t<lazy-media :inline=\"true\" :alt=\"alt\" :sizes=\"sizes\" :scale=\"scale\" :brightness=\"brightness\" :path=\"path\" :video=\"video\" :autoplay=\"autoplay\" :youtube=\"youtube\" :crop=\"crop\" :youtubelabel=\"youtubelabel\" :background=\"background\" media-id=\"desc_media_69ee306cb2c30\"><\/lazy-media>\n\t\t\t\t<\/zoom>\t\t\t<\/div>\n\n\t\t\t\t\t\t\t<div class=\"lazy-media-info-container-fluid\">\n\t\t\t\t<div class=\"lazy-media-info-row end-xs\">\n\t\t\t\t\t<div class=\"lazy-media-info-col\">\n\t\t\t\t\t\t<div class=\"lazy-media-info\" aria-expanded=\"false\" :aria-expanded=\"isOpen ? 'true' : 'false'\">\n\t\t\t\t\t\t\t<button class=\"lazy-media-info-head button-tiny\" :class=\"{'button-active': isOpen}\" @click=\"toggle\" ref=\"head\"><span class=\"button-label insignificant\">Bildinfo<\/span><\/button>\n\t\t\t\t\t\t\t<figcaption class=\"lazy-media-info-body\" ref=\"body\" id=\"desc_media_69ee306cb2c30\">\n\t\t\t\t\t\t\t\t<div class=\"lazy-media-info-body-content\">\n\t\t\t\t\t\t\t\t\t\t\t\t\t\t\t\t\t\t\t<div>Der Schl&uuml;terhof  w&auml;hrend der Tage der offenen Baustelle, Sommer 2018.<\/div>\n\t\t\t\t\t\t\t\t\t\t\t\t\t\t\t\t\t\t\t\t\t\t\t\t\t\t\t\t\t\t\t\t\t\t\t\t\t<div class=\"insignificant\">\u00a9 SHF \/ Foto: David von Becker<\/div>\n\t\t\t\t\t\t\t\t\t\t\t\t\t\t\t\t\t<\/div>\n\t\t\t\t\t\t\t<\/figcaption>\n\t\t\t\t\t\t\t<div class=\"lazy-media-info-head-border\"><\/div>\n\t\t\t\t\t\t<\/div>\n\t\t\t\t\t<\/div>\n\t\t\t\t<\/div>\n\t\t\t<\/div>\n\t\t\t\t\t\t\t\t\t<\/figure>\n\t<\/lazy-media-inline>\n\t\t\t<\/div>\n\t\t<\/div>\n\t<\/div>\n<\/section>\n\n<section class=\"block block-copy block-no-margin\" >\n    <div class=\"container-fluid\">\n\t\t<div class=\"row \">\n            <div class=\"col-xs-12 col-md-offset-2 col-md-8\">\n                <div class=\"box\">\n                    <div class=\"copy\"><p>Der architektonische Idealtyp der Theater- Piazza ist in den Traktaten der Renaissance beschrieben: Ihre Hauptmerkmale sind die Kolonnaden, die Loggien und der Triumphbogen, beziehungsweise das pr\u00e4chtige Portal in Funktion des Stadttors, durch das die Stra\u00dfe auf die Piazza m\u00fcndet. Dass die Architektur der Piazza zu dieser Zeit mit der des Theaters \u00fcbereinstimmte, war Folge eines grunds\u00e4tzlichen Wandels: Nach der R\u00f6merzeit hatte man den Theaterbau aufgegeben, sodass die Piazza \u2013 neben den Innenr\u00e4umen von Pal\u00e4sten und Kirchen \u2013 zum \u00f6ffentlichen Ort theatralischer, zeremonieller und feierlicher Auff\u00fchrungen wurde.<\/p>\n<p>&nbsp;<\/p>\n<\/div>\n                <\/div>\n            <\/div>\n\t\t<\/div>\n\t\t    <\/div>\n<\/section>\n\n<section class=\"block block-copy\" >\n    <div class=\"container-fluid\">\n\t\t<div class=\"row \">\n            <div class=\"col-xs-12 col-md-offset-2 col-md-8\">\n                <div class=\"box\">\n                    <div class=\"copy\"><p>Das erste nach den altr\u00f6mischen Vorg\u00e4ngern gebaute Theater \u2013 das von Andrea Palladio 1580 konzipierte Teatro Olimpico in Vicenza \u2013 verdeutlicht die unmittelbare Verwandtschaft der Piazza mit dem Theater: Die B\u00fchne ist als eine Piazza gedacht, auf die die Stra\u00dfen einer Idealstadt m\u00fcnden \u2013 durch die offenen Portale einer B\u00fchnenfront in Form eines antiken Triumphbogens.<\/p>\n<\/div>\n                <\/div>\n            <\/div>\n\t\t<\/div>\n\t\t    <\/div>\n<\/section>\n\n<section class=\"block block-standard-two-images \">\n\t<div class=\"container-fluid\">\n\t\t<div class=\"row\">\n\t\t\t<div class=\"col-xs-12 col-md-4\">\n\t\t\t\t<div class=\"box first-image\" data-motion-parallax='{\"child\":\".image-wrapper\",\"mask\":\".lazy-media\",\"tween\":{\"yPercent\": [-20,20]}}'>\n\t\t\t\t\t\n\t<lazy-media-inline inline-template>\n\t\t<figure itemscope itemtype=\"http:\/\/schema.org\/ImageObject\" class=\"lazy-media-inline \" role=\"group\" id=\"media_69ee306cb6cbb\" aria-labelledby=\"desc_media_69ee306cb6cbb\">\n\t\t\t<script type=\"application\/json\" ref=\"data\">\n\t\t\t\t{\n\t\t\t\t\"sizes\" : {\"medium\":{\"file\":\"HF_eb00004679-scaled-300x298.jpg\",\"width\":300,\"height\":298,\"mime-type\":\"image\\\/jpeg\"},\"large\":{\"file\":\"HF_eb00004679-scaled-1024x1018.jpg\",\"width\":1024,\"height\":1018,\"mime-type\":\"image\\\/jpeg\"},\"thumbnail\":{\"file\":\"HF_eb00004679-scaled-150x150.jpg\",\"width\":150,\"height\":150,\"mime-type\":\"image\\\/jpeg\"},\"medium_large\":{\"file\":\"HF_eb00004679-scaled-768x764.jpg\",\"width\":768,\"height\":764,\"mime-type\":\"image\\\/jpeg\"},\"small\":{\"file\":\"HF_eb00004679-scaled-440x437.jpg\",\"width\":440,\"height\":437,\"mime-type\":\"image\\\/jpeg\"},\"semi\":{\"file\":\"HF_eb00004679-scaled-580x577.jpg\",\"width\":580,\"height\":577,\"mime-type\":\"image\\\/jpeg\"},\"mobile\":{\"file\":\"HF_eb00004679-scaled-720x716.jpg\",\"width\":720,\"height\":716,\"mime-type\":\"image\\\/jpeg\"},\"hd\":{\"file\":\"HF_eb00004679-scaled-1280x1273.jpg\",\"width\":1280,\"height\":1273,\"mime-type\":\"image\\\/jpeg\"},\"full\":{\"file\":\"HF_eb00004679-scaled-1920x1909.jpg\",\"width\":1920,\"height\":1909,\"mime-type\":\"image\\\/jpeg\"},\"1536x1536\":{\"file\":\"HF_eb00004679-scaled-1536x1527.jpg\",\"width\":1536,\"height\":1527,\"mime-type\":\"image\\\/jpeg\"},\"2048x2048\":{\"file\":\"HF_eb00004679-scaled-2048x2036.jpg\",\"width\":2048,\"height\":2036,\"mime-type\":\"image\\\/jpeg\"},\"original\":{\"file\":\"HF_eb00004679-scaled.jpg\",\"width\":2560,\"height\":2545}},\n\t\t\t\t\"alt\" : \"Blick ins Innere eines gro\\u00dfen, hell erleuchteten Veranstaltungsraums mit Publikum und einer B\\u00fchne im Hintergrund.\",\n\t\t\t\t\"path\" : \"\\\/wp-content\\\/uploads\\\/2020\\\/04\\\/\",\n\t\t\t\t\"video\" : null,\n\t\t\t\t\"autoplay\" : null,\n\t\t\t\t\"youtube\" : null,\n\t\t\t\t\"youtubelabel\" : \"Video abspielen\",\n\t\t\t\t\"brightness\" : 100,\n\t\t\t\t\"crop\" : {\"top\":\"84.62\",\"left\":\"52.64\"},\n\t\t\t\t\"background\" : true,\n\t\t\t\t\"scale\" : 2\t\t\t\t}\n\t\t\t<\/script>\n\n\t\t\t<div class=\"height-container\" style=\"padding-bottom:99.4140625%;\" v-if=\"sizes\">\n\t\t\t\t<zoom id=\"U69ee306cb6e1c\" type=\"1\">\t\t\t\t<lazy-media :inline=\"true\" :alt=\"alt\" :sizes=\"sizes\" :scale=\"scale\" :brightness=\"brightness\" :path=\"path\" :video=\"video\" :autoplay=\"autoplay\" :youtube=\"youtube\" :crop=\"crop\" :youtubelabel=\"youtubelabel\" :background=\"background\" media-id=\"desc_media_69ee306cb6cbb\"><\/lazy-media>\n\t\t\t\t<\/zoom>\t\t\t<\/div>\n\n\t\t\t\t\t\t\t<div class=\"lazy-media-info-container-fluid\">\n\t\t\t\t<div class=\"lazy-media-info-row end-xs\">\n\t\t\t\t\t<div class=\"lazy-media-info-col\">\n\t\t\t\t\t\t<div class=\"lazy-media-info\" aria-expanded=\"false\" :aria-expanded=\"isOpen ? 'true' : 'false'\">\n\t\t\t\t\t\t\t<button class=\"lazy-media-info-head button-tiny\" :class=\"{'button-active': isOpen}\" @click=\"toggle\" ref=\"head\"><span class=\"button-label insignificant\">Bildinfo<\/span><\/button>\n\t\t\t\t\t\t\t<figcaption class=\"lazy-media-info-body\" ref=\"body\" id=\"desc_media_69ee306cb6cbb\">\n\t\t\t\t\t\t\t\t<div class=\"lazy-media-info-body-content\">\n\t\t\t\t\t\t\t\t\t\t\t\t\t\t\t\t\t\t\t<div>Visualisierung: Blick in das Foyer w&auml;hrend einer Veranstaltung<\/div>\n\t\t\t\t\t\t\t\t\t\t\t\t\t\t\t\t\t\t\t\t\t\t\t\t\t\t\t\t\t\t\t\t\t\t\t\t\t<div class=\"insignificant\">\u00a9 SHF \/ Architekt: Franco Stella mit FS HUF PG<\/div>\n\t\t\t\t\t\t\t\t\t\t\t\t\t\t\t\t\t<\/div>\n\t\t\t\t\t\t\t<\/figcaption>\n\t\t\t\t\t\t\t<div class=\"lazy-media-info-head-border\"><\/div>\n\t\t\t\t\t\t<\/div>\n\t\t\t\t\t<\/div>\n\t\t\t\t<\/div>\n\t\t\t<\/div>\n\t\t\t\t\t\t\t\t\t<\/figure>\n\t<\/lazy-media-inline>\n\t\t\t\t<\/div>\n\t\t\t\t<div class=\"copy\">\n\t\t\t\t\t<p class=\"Moderation\">Im Foyer \u2013 das als Empfangs- und Veranstaltungshalle fungiert \u2013 ist die Architektur dem Thema der Theater-Piazza zugeordnet, wobei das rekonstruierte Triumphbogen- Portal f\u00fcr die B\u00fchnenfront und die neuen Galerien f\u00fcr die Zuschauerlogen stehen. <\/p>\n\t\t\t\t<\/div>\n\t\t\t<\/div>\n\t\t\t<div class=\"col-xs-12 col-md-8 second-image\" data-motion-parallax='{\"child\":\".image-wrapper\",\"mask\":\".lazy-media\",\"tween\":{\"yPercent\": [-15,15]}}'>\n\t\t\t\t\n\t<lazy-media-inline inline-template>\n\t\t<figure itemscope itemtype=\"http:\/\/schema.org\/ImageObject\" class=\"lazy-media-inline \" role=\"group\" id=\"media_69ee306cb6f5f\" aria-labelledby=\"desc_media_69ee306cb6f5f\">\n\t\t\t<script type=\"application\/json\" ref=\"data\">\n\t\t\t\t{\n\t\t\t\t\"sizes\" : {\"medium\":{\"file\":\"HF_eb00061736-scaled-300x194.jpg\",\"width\":300,\"height\":194,\"mime-type\":\"image\\\/jpeg\"},\"large\":{\"file\":\"HF_eb00061736-scaled-1024x664.jpg\",\"width\":1024,\"height\":664,\"mime-type\":\"image\\\/jpeg\"},\"thumbnail\":{\"file\":\"HF_eb00061736-scaled-150x150.jpg\",\"width\":150,\"height\":150,\"mime-type\":\"image\\\/jpeg\"},\"medium_large\":{\"file\":\"HF_eb00061736-scaled-768x498.jpg\",\"width\":768,\"height\":498,\"mime-type\":\"image\\\/jpeg\"},\"small\":{\"file\":\"HF_eb00061736-scaled-440x285.jpg\",\"width\":440,\"height\":285,\"mime-type\":\"image\\\/jpeg\"},\"semi\":{\"file\":\"HF_eb00061736-scaled-580x376.jpg\",\"width\":580,\"height\":376,\"mime-type\":\"image\\\/jpeg\"},\"mobile\":{\"file\":\"HF_eb00061736-scaled-720x467.jpg\",\"width\":720,\"height\":467,\"mime-type\":\"image\\\/jpeg\"},\"hd\":{\"file\":\"HF_eb00061736-scaled-1280x830.jpg\",\"width\":1280,\"height\":830,\"mime-type\":\"image\\\/jpeg\"},\"full\":{\"file\":\"HF_eb00061736-scaled-1920x1244.jpg\",\"width\":1920,\"height\":1244,\"mime-type\":\"image\\\/jpeg\"},\"1536x1536\":{\"file\":\"HF_eb00061736-scaled-1536x995.jpg\",\"width\":1536,\"height\":995,\"mime-type\":\"image\\\/jpeg\"},\"2048x2048\":{\"file\":\"HF_eb00061736-scaled-2048x1327.jpg\",\"width\":2048,\"height\":1327,\"mime-type\":\"image\\\/jpeg\"},\"original\":{\"file\":\"HF_eb00061736-scaled.jpg\",\"width\":2560,\"height\":1659}},\n\t\t\t\t\"alt\" : \"Menschenmenge in einem modernen Innenhof mit skulpturalen Elementen und viel nat\\u00fcrlichem Licht.\",\n\t\t\t\t\"path\" : \"\\\/wp-content\\\/uploads\\\/2020\\\/04\\\/\",\n\t\t\t\t\"video\" : null,\n\t\t\t\t\"autoplay\" : null,\n\t\t\t\t\"youtube\" : null,\n\t\t\t\t\"youtubelabel\" : \"Video abspielen\",\n\t\t\t\t\"brightness\" : 100,\n\t\t\t\t\"crop\" : {\"top\":\"64.40\",\"left\":\"48.78\"},\n\t\t\t\t\"background\" : true,\n\t\t\t\t\"scale\" : 2\t\t\t\t}\n\t\t\t<\/script>\n\n\t\t\t<div class=\"height-container\" style=\"padding-bottom:64.8046875%;\" v-if=\"sizes\">\n\t\t\t\t<zoom id=\"U69ee306cb707a\" type=\"1\">\t\t\t\t<lazy-media :inline=\"true\" :alt=\"alt\" :sizes=\"sizes\" :scale=\"scale\" :brightness=\"brightness\" :path=\"path\" :video=\"video\" :autoplay=\"autoplay\" :youtube=\"youtube\" :crop=\"crop\" :youtubelabel=\"youtubelabel\" :background=\"background\" media-id=\"desc_media_69ee306cb6f5f\"><\/lazy-media>\n\t\t\t\t<\/zoom>\t\t\t<\/div>\n\n\t\t\t\t\t\t\t<div class=\"lazy-media-info-container-fluid\">\n\t\t\t\t<div class=\"lazy-media-info-row end-xs\">\n\t\t\t\t\t<div class=\"lazy-media-info-col\">\n\t\t\t\t\t\t<div class=\"lazy-media-info\" aria-expanded=\"false\" :aria-expanded=\"isOpen ? 'true' : 'false'\">\n\t\t\t\t\t\t\t<button class=\"lazy-media-info-head button-tiny\" :class=\"{'button-active': isOpen}\" @click=\"toggle\" ref=\"head\"><span class=\"button-label insignificant\">Bildinfo<\/span><\/button>\n\t\t\t\t\t\t\t<figcaption class=\"lazy-media-info-body\" ref=\"body\" id=\"desc_media_69ee306cb6f5f\">\n\t\t\t\t\t\t\t\t<div class=\"lazy-media-info-body-content\">\n\t\t\t\t\t\t\t\t\t\t\t\t\t\t\t\t\t\t\t<div>Walking Act Performance &bdquo;Der Tr&auml;ger&ldquo; anl&auml;sslich des 250. Geburtstags von Alexander von Humboldt<\/div>\n\t\t\t\t\t\t\t\t\t\t\t\t\t\t\t\t\t\t\t\t\t\t\t\t\t\t\t\t\t\t\t\t\t\t\t\t\t<div class=\"insignificant\">\u00a9 SHF \/ Foto: David von Becker<\/div>\n\t\t\t\t\t\t\t\t\t\t\t\t\t\t\t\t\t<\/div>\n\t\t\t\t\t\t\t<\/figcaption>\n\t\t\t\t\t\t\t<div class=\"lazy-media-info-head-border\"><\/div>\n\t\t\t\t\t\t<\/div>\n\t\t\t\t\t<\/div>\n\t\t\t\t<\/div>\n\t\t\t<\/div>\n\t\t\t\t\t\t\t\t\t<\/figure>\n\t<\/lazy-media-inline>\n\t\t\t<\/div>\n\t\t<\/div>\n\t<\/div>\n<\/section>\n\n<section class=\"block block-standard-two-images \">\n\t<div class=\"container-fluid\">\n\t\t<div class=\"row\">\n\t\t\t<div class=\"col-xs-12 col-md-4\">\n\t\t\t\t<div class=\"box first-image\" data-motion-parallax='{\"child\":\".image-wrapper\",\"mask\":\".lazy-media\",\"tween\":{\"yPercent\": [-20,20]}}'>\n\t\t\t\t\t\n\t<lazy-media-inline inline-template>\n\t\t<figure itemscope itemtype=\"http:\/\/schema.org\/ImageObject\" class=\"lazy-media-inline \" role=\"group\" id=\"media_69ee306cb9a36\" aria-labelledby=\"desc_media_69ee306cb9a36\">\n\t\t\t<script type=\"application\/json\" ref=\"data\">\n\t\t\t\t{\n\t\t\t\t\"sizes\" : {\"medium\":{\"file\":\"HF_eb00004670-300x284.jpg\",\"width\":300,\"height\":284,\"mime-type\":\"image\\\/jpeg\"},\"large\":{\"file\":\"HF_eb00004670-1024x970.jpg\",\"width\":1024,\"height\":970,\"mime-type\":\"image\\\/jpeg\"},\"thumbnail\":{\"file\":\"HF_eb00004670-150x150.jpg\",\"width\":150,\"height\":150,\"mime-type\":\"image\\\/jpeg\"},\"medium_large\":{\"file\":\"HF_eb00004670-768x728.jpg\",\"width\":768,\"height\":728,\"mime-type\":\"image\\\/jpeg\"},\"small\":{\"file\":\"HF_eb00004670-440x417.jpg\",\"width\":440,\"height\":417,\"mime-type\":\"image\\\/jpeg\"},\"semi\":{\"file\":\"HF_eb00004670-580x550.jpg\",\"width\":580,\"height\":550,\"mime-type\":\"image\\\/jpeg\"},\"mobile\":{\"file\":\"HF_eb00004670-720x682.jpg\",\"width\":720,\"height\":682,\"mime-type\":\"image\\\/jpeg\"},\"hd\":{\"file\":\"HF_eb00004670-1280x1213.jpg\",\"width\":1280,\"height\":1213,\"mime-type\":\"image\\\/jpeg\"},\"full\":{\"file\":\"HF_eb00004670-1920x1819.jpg\",\"width\":1920,\"height\":1819,\"mime-type\":\"image\\\/jpeg\"},\"1536x1536\":{\"file\":\"HF_eb00004670-1536x1455.jpg\",\"width\":1536,\"height\":1455,\"mime-type\":\"image\\\/jpeg\"},\"2048x2048\":{\"file\":\"HF_eb00004670-2048x1940.jpg\",\"width\":2048,\"height\":1940,\"mime-type\":\"image\\\/jpeg\"},\"original\":{\"file\":\"HF_eb00004670.jpg\",\"width\":2362,\"height\":2238}},\n\t\t\t\t\"alt\" : \"Helles Stadtbild mit modernen Geb\\u00e4uden, die eine historische Fassade umrahmen. Menschen bewegen sich zwischen den Geb\\u00e4uden.\",\n\t\t\t\t\"path\" : \"\\\/wp-content\\\/uploads\\\/2020\\\/04\\\/\",\n\t\t\t\t\"video\" : null,\n\t\t\t\t\"autoplay\" : null,\n\t\t\t\t\"youtube\" : null,\n\t\t\t\t\"youtubelabel\" : \"Video abspielen\",\n\t\t\t\t\"brightness\" : 100,\n\t\t\t\t\"crop\" : null,\n\t\t\t\t\"background\" : false,\n\t\t\t\t\"scale\" : 1\t\t\t\t}\n\t\t\t<\/script>\n\n\t\t\t<div class=\"height-container\" style=\"padding-bottom:94.750211685013%;\" v-if=\"sizes\">\n\t\t\t\t<zoom id=\"U69ee306cb9b9c\" type=\"1\">\t\t\t\t<lazy-media :inline=\"true\" :alt=\"alt\" :sizes=\"sizes\" :scale=\"scale\" :brightness=\"brightness\" :path=\"path\" :video=\"video\" :autoplay=\"autoplay\" :youtube=\"youtube\" :crop=\"crop\" :youtubelabel=\"youtubelabel\" :background=\"background\" media-id=\"desc_media_69ee306cb9a36\"><\/lazy-media>\n\t\t\t\t<\/zoom>\t\t\t<\/div>\n\n\t\t\t\t\t\t\t<div class=\"lazy-media-info-container-fluid\">\n\t\t\t\t<div class=\"lazy-media-info-row end-xs\">\n\t\t\t\t\t<div class=\"lazy-media-info-col\">\n\t\t\t\t\t\t<div class=\"lazy-media-info\" aria-expanded=\"false\" :aria-expanded=\"isOpen ? 'true' : 'false'\">\n\t\t\t\t\t\t\t<button class=\"lazy-media-info-head button-tiny\" :class=\"{'button-active': isOpen}\" @click=\"toggle\" ref=\"head\"><span class=\"button-label insignificant\">Bildinfo<\/span><\/button>\n\t\t\t\t\t\t\t<figcaption class=\"lazy-media-info-body\" ref=\"body\" id=\"desc_media_69ee306cb9a36\">\n\t\t\t\t\t\t\t\t<div class=\"lazy-media-info-body-content\">\n\t\t\t\t\t\t\t\t\t\t\t\t\t\t\t\t\t\t\t<div>Blick in die Passage<\/div>\n\t\t\t\t\t\t\t\t\t\t\t\t\t\t\t\t\t\t\t\t\t\t\t\t\t\t\t\t\t\t\t\t\t\t\t\t\t<div class=\"insignificant\">\u00a9 SHF \/ Architekt: Franco Stella mit FS HUF PG\r\n<\/div>\n\t\t\t\t\t\t\t\t\t\t\t\t\t\t\t\t\t<\/div>\n\t\t\t\t\t\t\t<\/figcaption>\n\t\t\t\t\t\t\t<div class=\"lazy-media-info-head-border\"><\/div>\n\t\t\t\t\t\t<\/div>\n\t\t\t\t\t<\/div>\n\t\t\t\t<\/div>\n\t\t\t<\/div>\n\t\t\t\t\t\t\t\t\t<\/figure>\n\t<\/lazy-media-inline>\n\t\t\t\t<\/div>\n\t\t\t\t<div class=\"copy\">\n\t\t\t\t\t<p class=\"Moderation\">Im Schlossforum \u2013 die quer durch das Geb\u00e4ude den Lustgarten mit dem Schlossplatz verbindende Passage \u2013 erwecken das Neue in Form des Kolonnadenwegs und das Alte des Triumphportals die Stimmung der antiken Pl\u00e4tze, der griechischen Agora beziehungsweise des r\u00f6mischen Forums. Sie galten als Vorbild f\u00fcr die ideale Piazza der Renaissance. Wie der als Referenz dieser Passage oft zitierte Cortile degli Uffizi in Florenz liegt auch das Schlossforum zugleich inmitten des Geb\u00e4udes und inmitten der Stadt. <\/p>\n\t\t\t\t<\/div>\n\t\t\t<\/div>\n\t\t\t<div class=\"col-xs-12 col-md-8 second-image\" data-motion-parallax='{\"child\":\".image-wrapper\",\"mask\":\".lazy-media\",\"tween\":{\"yPercent\": [-15,15]}}'>\n\t\t\t\t\n\t<lazy-media-inline inline-template>\n\t\t<figure itemscope itemtype=\"http:\/\/schema.org\/ImageObject\" class=\"lazy-media-inline \" role=\"group\" id=\"media_69ee306cb9d16\" aria-labelledby=\"desc_media_69ee306cb9d16\">\n\t\t\t<script type=\"application\/json\" ref=\"data\">\n\t\t\t\t{\n\t\t\t\t\"sizes\" : {\"medium\":{\"file\":\"HF_eb00093723-scaled-300x277.jpg\",\"width\":300,\"height\":277,\"mime-type\":\"image\\\/jpeg\"},\"large\":{\"file\":\"HF_eb00093723-scaled-1024x945.jpg\",\"width\":1024,\"height\":945,\"mime-type\":\"image\\\/jpeg\"},\"thumbnail\":{\"file\":\"HF_eb00093723-scaled-150x150.jpg\",\"width\":150,\"height\":150,\"mime-type\":\"image\\\/jpeg\"},\"medium_large\":{\"file\":\"HF_eb00093723-scaled-768x709.jpg\",\"width\":768,\"height\":709,\"mime-type\":\"image\\\/jpeg\"},\"small\":{\"file\":\"HF_eb00093723-scaled-440x406.jpg\",\"width\":440,\"height\":406,\"mime-type\":\"image\\\/jpeg\"},\"semi\":{\"file\":\"HF_eb00093723-scaled-580x535.jpg\",\"width\":580,\"height\":535,\"mime-type\":\"image\\\/jpeg\"},\"mobile\":{\"file\":\"HF_eb00093723-scaled-720x664.jpg\",\"width\":720,\"height\":664,\"mime-type\":\"image\\\/jpeg\"},\"hd\":{\"file\":\"HF_eb00093723-scaled-1280x1181.jpg\",\"width\":1280,\"height\":1181,\"mime-type\":\"image\\\/jpeg\"},\"full\":{\"file\":\"HF_eb00093723-scaled-1920x1772.jpg\",\"width\":1920,\"height\":1772,\"mime-type\":\"image\\\/jpeg\"},\"1536x1536\":{\"file\":\"HF_eb00093723-scaled-1536x1417.jpg\",\"width\":1536,\"height\":1417,\"mime-type\":\"image\\\/jpeg\"},\"2048x2048\":{\"file\":\"HF_eb00093723-scaled-2048x1890.jpg\",\"width\":2048,\"height\":1890,\"mime-type\":\"image\\\/jpeg\"},\"original\":{\"file\":\"HF_eb00093723-scaled.jpg\",\"width\":2560,\"height\":2362}},\n\t\t\t\t\"alt\" : \"Blick auf eine enge Stra\\u00dfe zwischen modernen, hellen Geb\\u00e4uden mit gro\\u00dfen Fenstern und einer historischen Fassade im Hintergrund.\",\n\t\t\t\t\"path\" : \"\\\/wp-content\\\/uploads\\\/2020\\\/04\\\/\",\n\t\t\t\t\"video\" : null,\n\t\t\t\t\"autoplay\" : null,\n\t\t\t\t\"youtube\" : null,\n\t\t\t\t\"youtubelabel\" : \"Video abspielen\",\n\t\t\t\t\"brightness\" : 100,\n\t\t\t\t\"crop\" : null,\n\t\t\t\t\"background\" : false,\n\t\t\t\t\"scale\" : 1\t\t\t\t}\n\t\t\t<\/script>\n\n\t\t\t<div class=\"height-container\" style=\"padding-bottom:92.265625%;\" v-if=\"sizes\">\n\t\t\t\t<zoom id=\"U69ee306cb9e35\" type=\"1\">\t\t\t\t<lazy-media :inline=\"true\" :alt=\"alt\" :sizes=\"sizes\" :scale=\"scale\" :brightness=\"brightness\" :path=\"path\" :video=\"video\" :autoplay=\"autoplay\" :youtube=\"youtube\" :crop=\"crop\" :youtubelabel=\"youtubelabel\" :background=\"background\" media-id=\"desc_media_69ee306cb9d16\"><\/lazy-media>\n\t\t\t\t<\/zoom>\t\t\t<\/div>\n\n\t\t\t\t\t\t\t<div class=\"lazy-media-info-container-fluid\">\n\t\t\t\t<div class=\"lazy-media-info-row end-xs\">\n\t\t\t\t\t<div class=\"lazy-media-info-col\">\n\t\t\t\t\t\t<div class=\"lazy-media-info\" aria-expanded=\"false\" :aria-expanded=\"isOpen ? 'true' : 'false'\">\n\t\t\t\t\t\t\t<button class=\"lazy-media-info-head button-tiny\" :class=\"{'button-active': isOpen}\" @click=\"toggle\" ref=\"head\"><span class=\"button-label insignificant\">Bildinfo<\/span><\/button>\n\t\t\t\t\t\t\t<figcaption class=\"lazy-media-info-body\" ref=\"body\" id=\"desc_media_69ee306cb9d16\">\n\t\t\t\t\t\t\t\t<div class=\"lazy-media-info-body-content\">\n\t\t\t\t\t\t\t\t\t\t\t\t\t\t\t\t\t\t\t<div>Baustelle Humboldt Forum<\/div>\n\t\t\t\t\t\t\t\t\t\t\t\t\t\t\t\t\t\t\t\t\t\t\t\t\t\t\t\t<div>Blick in die Passage, Fassade 10, Fassade 12, Hofportal 2 <\/div>\n\t\t\t\t\t\t\t\t\t\t\t\t\t\t\t\t\t\t\t\t\t\t\t\t\t\t\t\t<div class=\"insignificant\">\u00a9 Stiftung Humboldt Forum im Berliner Schloss \/ Stephan Falk<\/div>\n\t\t\t\t\t\t\t\t\t\t\t\t\t\t\t\t\t<\/div>\n\t\t\t\t\t\t\t<\/figcaption>\n\t\t\t\t\t\t\t<div class=\"lazy-media-info-head-border\"><\/div>\n\t\t\t\t\t\t<\/div>\n\t\t\t\t\t<\/div>\n\t\t\t\t<\/div>\n\t\t\t<\/div>\n\t\t\t\t\t\t\t\t\t<\/figure>\n\t<\/lazy-media-inline>\n\t\t\t<\/div>\n\t\t<\/div>\n\t<\/div>\n<\/section>\n\n<section class=\"block block-copy\" >\n    <div class=\"container-fluid\">\n\t\t<div class=\"row \">\n            <div class=\"col-xs-12 col-md-offset-2 col-md-8\">\n                <div class=\"box\">\n                    <div class=\"copy\"><p>Innerhalb des neuen Berliner Schlosses befinden sich drei H\u00f6fe, alle konzipiert als Theater-Piazze. Zum rekonstruierten Schl\u00fcterhof kommen zwei weitere: ein offener und ein \u00fcberdachter, die beide auf die Portale des ehemaligen Eosanderhofs bezogen sind. Mit ihnen wird zus\u00e4tzlich betr\u00e4chtlicher \u00f6ffentlicher Raum innerhalb des Geb\u00e4udes hinzugewonnen \u2013 in einem Areal, das nach dem Wettbewerbsprogramm vollst\u00e4ndig f\u00fcr die Bebauung zur Verf\u00fcgung gestanden h\u00e4tte. Diese neuen zusammen mit den rekonstruierten H\u00f6fen erm\u00f6glichen es, die Durchg\u00e4nge und die Hofseiten aller f\u00fcnf Schlossportale nachzubilden. Sie gewinnen damit ihre wichtige urbane Bedeutung als Stadttore zur\u00fcck, und werden nicht zu Haust\u00fcren degradiert. Um die Idee des Hofes als Piazza zu verwirklichen, hat auch die architektonische Pr\u00e4gung, sowie der Bezug auf die Portale, eine unverzichtbare Bedeutung.<\/p>\n<\/div>\n                <\/div>\n            <\/div>\n\t\t<\/div>\n\t\t    <\/div>\n<\/section>\n\n<section class=\"block block-header\" >\n\t<block-header inline-template>\n\t\t<figure role=\"group\" aria-labelledby=\"desc_m_69ee306cbaddf\">\n\n\t\t\t<script type=\"application\/json\" ref=\"data\">\n\t\t\t\t{\n\t\t\t\t\"sizes_d\" : {\"medium\":{\"file\":\"HF_eb00041867-scaled-300x175.jpg\",\"width\":300,\"height\":175,\"mime-type\":\"image\\\/jpeg\"},\"large\":{\"file\":\"HF_eb00041867-scaled-1024x597.jpg\",\"width\":1024,\"height\":597,\"mime-type\":\"image\\\/jpeg\"},\"thumbnail\":{\"file\":\"HF_eb00041867-scaled-150x150.jpg\",\"width\":150,\"height\":150,\"mime-type\":\"image\\\/jpeg\"},\"medium_large\":{\"file\":\"HF_eb00041867-scaled-768x448.jpg\",\"width\":768,\"height\":448,\"mime-type\":\"image\\\/jpeg\"},\"small\":{\"file\":\"HF_eb00041867-scaled-440x256.jpg\",\"width\":440,\"height\":256,\"mime-type\":\"image\\\/jpeg\"},\"semi\":{\"file\":\"HF_eb00041867-scaled-580x338.jpg\",\"width\":580,\"height\":338,\"mime-type\":\"image\\\/jpeg\"},\"mobile\":{\"file\":\"HF_eb00041867-scaled-720x420.jpg\",\"width\":720,\"height\":420,\"mime-type\":\"image\\\/jpeg\"},\"hd\":{\"file\":\"HF_eb00041867-scaled-1280x746.jpg\",\"width\":1280,\"height\":746,\"mime-type\":\"image\\\/jpeg\"},\"full\":{\"file\":\"HF_eb00041867-scaled-1920x1119.jpg\",\"width\":1920,\"height\":1119,\"mime-type\":\"image\\\/jpeg\"},\"1536x1536\":{\"file\":\"HF_eb00041867-scaled-1536x895.jpg\",\"width\":1536,\"height\":895,\"mime-type\":\"image\\\/jpeg\"},\"2048x2048\":{\"file\":\"HF_eb00041867-scaled-2048x1194.jpg\",\"width\":2048,\"height\":1194,\"mime-type\":\"image\\\/jpeg\"},\"original\":{\"file\":\"HF_eb00041867-scaled.jpg\",\"width\":2560,\"height\":1492}},\n\t\t\t\t\"alt_d\" : \"Nachtaufnahme eines historischen Geb\\u00e4udes mit erleuchtetem Innenhof und vielen Menschen.\",\n\t\t\t\t\"path_d\" : \"\\\/wp-content\\\/uploads\\\/2020\\\/05\\\/\",\n\t\t\t\t\"autoplay_d\" : null,\n\t\t\t\t\"crop_d\" : {\"top\":\"47.93\",\"left\":\"49.23\"},\n\t\t\t\t\"background_d\" : true,\n\t\t\t\t\"scale_d\" : 2,\n\n\t\t\t\t\"sizes_m\" : [],\n\t\t\t\t\"alt_m\" : null,\n\t\t\t\t\"path_m\" : null,\n\t\t\t\t\"autoplay_m\" : null,\n\t\t\t\t\"crop_m\" : null,\n\t\t\t\t\"background_m\" : true,\n\t\t\t\t\"scale_m\" : 1,\n\n\t\t\t\t\"has_mobile_format\" : false,\n\t\t\t\t\"has_ad\" : false,\n\t\t\t\t\"audio_description_yt\" : null\t\t\t\t}\n\t\t\t<\/script>\n\t\t\t<div class=\"height-container\" style=\"padding-bottom:58.28125%;\" v-if=\"sizes\" data-motion-parallax='{\"child\":\".image-wrapper\",\"mask\":\".lazy-media\",\"tween\":{\"yPercent\": [-15,15]}}'>\n\t\t\t\t<lazy-media :inline=\"true\" :scale=\"scale\" :alt=\"alt\" :sizes=\"sizes\" :brightness=\"brightness\" :path=\"path\" :video=\"video\" :autoplay=\"autoplay\" :youtube=\"youtube\" :crop=\"crop\" :youtubelabel=\"youtubelabel\" :background=\"background\" media-id=\"desc_m_69ee306cbaddf\"><\/lazy-media>\n\t\t\t\t<button class=\"autoplay-audio-description-btn icon-background icon-audio-describtions\" @click=\"audioDescriptionPlay\" v-if=\"hasAudioDescription\" aria-label=\"Audiodeskription aufrufen\"><\/button>\n\t\t\t<\/div>\n\t\t\t\t\t\t<div class=\"lazy-media-info-container-fluid\">\n\t\t\t\t<div class=\"lazy-media-info-row end-xs\">\n\t\t\t\t\t<div class=\"lazy-media-info-col\">\n\t\t\t\t\t\t<div class=\"lazy-media-info\" aria-expanded=\"false\" :aria-expanded=\"isOpen ? 'true' : 'false'\">\n\t\t\t\t\t\t\t<button class=\"lazy-media-info-head button-tiny insignificant\" :class=\"{'button-active': isOpen}\" @click=\"toggle\" ref=\"head\"><span class=\"button-label insignificant\">Bildinfo<\/span><\/button>\n\t\t\t\t\t\t\t<figcaption class=\"lazy-media-info-body\" ref=\"body\" id=\"desc_m_69ee306cbaddf\">\n\t\t\t\t\t\t\t\t<div class=\"lazy-media-info-body-content\">\n\t\t\t\t\t\t\t\t\t<div>Kieke, staune, wunder Dir! Zum letzten Mal: Tage der offenen Baustelle<\/div>\t\t\t\t\t\t\t\t\t\t\t\t\t\t\t\t\t\t<div class=\"insignificant\">\u00a9 SHF \/ Foto: David von Becker<\/div>\t\t\t\t\t\t\t\t<\/div>\n\t\t\t\t\t\t\t<\/figcaption>\n\t\t\t\t\t\t\t<div class=\"lazy-media-info-head-border\"><\/div>\n\t\t\t\t\t\t<\/div>\n\t\t\t\t\t<\/div>\n\t\t\t\t<\/div>\n\t\t\t<\/div>\n\t\t\t\t\t<\/figure>\n\t<\/block-header>\n<\/section>\n\n<section class=\"block block-copy block-no-margin\" >\n    <div class=\"container-fluid\">\n\t\t<div class=\"row \">\n            <div class=\"col-xs-12 col-md-offset-2 col-md-8\">\n                <div class=\"box\">\n                    <div class=\"copy\"><p>Mit der Rekonstruktion des Schlosses erhalten die das Geb\u00e4ude umgebenden Stadtr\u00e4ume ihren urspr\u00fcnglichen Ma\u00dfstab und ihre wichtigste architektonische Einfassung wieder. Die damit zur\u00fcckgewonnenen Pl\u00e4tze Lustgarten, Schlossplatz, Schlossfreiheit und der neue vor dem Ostfl\u00fcgel entstandene Spreeplatz verbinden sich durch die sechs offenen Portale mit den inneren H\u00f6fen zu einem gro\u00dfz\u00fcgigen \u00f6ffentlichen Raum im Herzen Berlins. Es ist eine einzigartige Piazza f\u00fcr alle, f\u00fcr die B\u00fcrger Berlins sowie f\u00fcr die aus aller Welt kommenden Besucher des Humboldt Forums.<\/p>\n<\/div>\n                <\/div>\n            <\/div>\n\t\t<\/div>\n\t\t    <\/div>\n<\/section>","protected":false},"excerpt":{"rendered":"<p>Palast und Piazza: zwei Grundelemente, die den urbanen, \u00f6ffentlichen Raum pr\u00e4gen. Franco Stella erl\u00e4utert, auf welchen Ideen die Architektur des Humboldt Forums basiert.<\/p>\n","protected":false},"featured_media":2884,"template":"","magazine-topic":[143,92,288],"magazine-format":[7],"magazine-author":[147],"class_list":["post-2312","magazine-article","type-magazine-article","status-publish","has-post-thumbnail","hentry","magazine-topic-architektur","magazine-topic-berliner-schloss","magazine-topic-rekonstruktion","magazine-format-gastbeitrag","magazine-author-franco-stella"],"acf":[],"_links":{"self":[{"href":"https:\/\/www.humboldtforum.org\/de\/wp-json\/wp\/v2\/magazine-article\/2312","targetHints":{"allow":["GET"]}}],"collection":[{"href":"https:\/\/www.humboldtforum.org\/de\/wp-json\/wp\/v2\/magazine-article"}],"about":[{"href":"https:\/\/www.humboldtforum.org\/de\/wp-json\/wp\/v2\/types\/magazine-article"}],"version-history":[{"count":0,"href":"https:\/\/www.humboldtforum.org\/de\/wp-json\/wp\/v2\/magazine-article\/2312\/revisions"}],"wp:featuredmedia":[{"embeddable":true,"href":"https:\/\/www.humboldtforum.org\/de\/wp-json\/wp\/v2\/media\/2884"}],"wp:attachment":[{"href":"https:\/\/www.humboldtforum.org\/de\/wp-json\/wp\/v2\/media?parent=2312"}],"wp:term":[{"taxonomy":"magazine-topic","embeddable":true,"href":"https:\/\/www.humboldtforum.org\/de\/wp-json\/wp\/v2\/magazine-topic?post=2312"},{"taxonomy":"magazine-format","embeddable":true,"href":"https:\/\/www.humboldtforum.org\/de\/wp-json\/wp\/v2\/magazine-format?post=2312"},{"taxonomy":"magazine-author","embeddable":true,"href":"https:\/\/www.humboldtforum.org\/de\/wp-json\/wp\/v2\/magazine-author?post=2312"}],"curies":[{"name":"wp","href":"https:\/\/api.w.org\/{rel}","templated":true}]}}