{"id":2317,"date":"2017-11-03T15:16:00","date_gmt":"2017-11-03T14:16:00","guid":{"rendered":"https:\/\/www.humboldtforum.org\/?post_type=magazine-article&#038;p=2317"},"modified":"2020-05-22T17:31:50","modified_gmt":"2020-05-22T15:31:50","slug":"cool-jazz","status":"publish","type":"magazine-article","link":"https:\/\/www.humboldtforum.org\/de\/magazin\/artikel\/cool-jazz\/","title":{"rendered":"Cool Jazz \u00fcber preu\u00dfischem Barock"},"content":{"rendered":"<section class=\"block block-copy block-no-margin\" >\n    <div class=\"container-fluid\">\n\t\t<div class=\"row \">\n            <div class=\"col-xs-12 col-md-offset-2 col-md-8\">\n                <div class=\"box\">\n                    <div class=\"copy\"><div class=\"_3ycPYXzeZR _1tqB__nJIV\">\n<p>\u00dcber den weich geschwungenen Sandsteinfl\u00fcgel weht eine luftige Cool Jazz-Melodie. Hart und metallisch dazwischen die Schl\u00e4ge des Bildhauers Peik W\u00fcnsche. Mit Schlegel und Eisen schl\u00e4gt er \u00fcbersch\u00fcssiges Material aus dem Stein, um erst grob die Proportionen des daneben liegenden Gipsmodells zu treffen und dann jede Feder in all ihrer Feinheit heraus zu modellieren.<\/p>\n<p>&nbsp;<\/p>\n<\/div>\n<\/div>\n                <\/div>\n            <\/div>\n\t\t<\/div>\n\t\t    <\/div>\n<\/section>\n\n<section class=\"block block-standard-image-copy rev2nd\"> \n\t<div class=\"container-fluid\">\n\t\t<div class=\"row middle-sm\">\n\t\t\t<div class=\"col-xs-10 col-sm-6 margin-bottom-sixth\" data-motion-parallax='{\"child\":\".image-wrapper\",\"mask\":\".lazy-media\",\"tween\":{\"yPercent\": [-15,15]}}'>\n\t\t\t\t\n\t<lazy-media-inline inline-template>\n\t\t<figure itemscope itemtype=\"http:\/\/schema.org\/ImageObject\" class=\"lazy-media-inline lazy-max-height-exception\" role=\"group\" id=\"media_69ee309581556\" aria-labelledby=\"desc_media_69ee309581556\">\n\t\t\t<script type=\"application\/json\" ref=\"data\">\n\t\t\t\t{\n\t\t\t\t\"sizes\" : {\"medium\":{\"file\":\"HF_eb00094560-scaled-244x300.jpg\",\"width\":244,\"height\":300,\"mime-type\":\"image\\\/jpeg\"},\"large\":{\"file\":\"HF_eb00094560-scaled-833x1024.jpg\",\"width\":833,\"height\":1024,\"mime-type\":\"image\\\/jpeg\"},\"thumbnail\":{\"file\":\"HF_eb00094560-scaled-150x150.jpg\",\"width\":150,\"height\":150,\"mime-type\":\"image\\\/jpeg\"},\"medium_large\":{\"file\":\"HF_eb00094560-scaled-768x944.jpg\",\"width\":768,\"height\":944,\"mime-type\":\"image\\\/jpeg\"},\"small\":{\"file\":\"HF_eb00094560-scaled-358x440.jpg\",\"width\":358,\"height\":440,\"mime-type\":\"image\\\/jpeg\"},\"semi\":{\"file\":\"HF_eb00094560-scaled-472x580.jpg\",\"width\":472,\"height\":580,\"mime-type\":\"image\\\/jpeg\"},\"mobile\":{\"file\":\"HF_eb00094560-scaled-586x720.jpg\",\"width\":586,\"height\":720,\"mime-type\":\"image\\\/jpeg\"},\"hd\":{\"file\":\"HF_eb00094560-scaled-1041x1280.jpg\",\"width\":1041,\"height\":1280,\"mime-type\":\"image\\\/jpeg\"},\"full\":{\"file\":\"HF_eb00094560-scaled-1562x1920.jpg\",\"width\":1562,\"height\":1920,\"mime-type\":\"image\\\/jpeg\"},\"1536x1536\":{\"file\":\"HF_eb00094560-scaled-1249x1536.jpg\",\"width\":1249,\"height\":1536,\"mime-type\":\"image\\\/jpeg\"},\"2048x2048\":{\"file\":\"HF_eb00094560-scaled-1666x2048.jpg\",\"width\":1666,\"height\":2048,\"mime-type\":\"image\\\/jpeg\"},\"original\":{\"file\":\"HF_eb00094560-scaled.jpg\",\"width\":1627,\"height\":2000}},\n\t\t\t\t\"alt\" : \"Mit Staub \\u00fcberzogene Bildhauerwerkzeuge und Schutzbrille\",\n\t\t\t\t\"path\" : \"\\\/wp-content\\\/uploads\\\/2020\\\/04\\\/\",\n\t\t\t\t\"video\" : null,\n\t\t\t\t\"autoplay\" : null,\n\t\t\t\t\"youtube\" : null,\n\t\t\t\t\"youtubelabel\" : \"Video abspielen\",\n\t\t\t\t\"brightness\" : 100,\n\t\t\t\t\"crop\" : null,\n\t\t\t\t\"background\" : false,\n\t\t\t\t\"scale\" : 1\t\t\t\t}\n\t\t\t<\/script>\n\n\t\t\t<div class=\"height-container\" style=\"padding-bottom:122.92562999385%;\" v-if=\"sizes\">\n\t\t\t\t\t\t\t\t<lazy-media :inline=\"true\" :alt=\"alt\" :sizes=\"sizes\" :scale=\"scale\" :brightness=\"brightness\" :path=\"path\" :video=\"video\" :autoplay=\"autoplay\" :youtube=\"youtube\" :crop=\"crop\" :youtubelabel=\"youtubelabel\" :background=\"background\" media-id=\"desc_media_69ee309581556\"><\/lazy-media>\n\t\t\t\t\t\t\t<\/div>\n\n\t\t\t\t\t\t\t<div class=\"lazy-media-info-container-fluid\">\n\t\t\t\t<div class=\"lazy-media-info-row end-xs\">\n\t\t\t\t\t<div class=\"lazy-media-info-col\">\n\t\t\t\t\t\t<div class=\"lazy-media-info\" aria-expanded=\"false\" :aria-expanded=\"isOpen ? 'true' : 'false'\">\n\t\t\t\t\t\t\t<button class=\"lazy-media-info-head button-tiny\" :class=\"{'button-active': isOpen}\" @click=\"toggle\" ref=\"head\"><span class=\"button-label insignificant\">Bildinfo<\/span><\/button>\n\t\t\t\t\t\t\t<figcaption class=\"lazy-media-info-body\" ref=\"body\" id=\"desc_media_69ee309581556\">\n\t\t\t\t\t\t\t\t<div class=\"lazy-media-info-body-content\">\n\t\t\t\t\t\t\t\t\t\t\t\t\t\t\t\t\t\t\t<div>Werkzeuge in der Schlossbauh&uuml;tte<\/div>\n\t\t\t\t\t\t\t\t\t\t\t\t\t\t\t\t\t\t\t\t\t\t\t\t\t\t\t\t<div>Die Schlossbauh&uuml;tte des Berliner Stadtschloss in Berlin Spandau.\nF&uuml;r die Arbeiten an den Schmuckelementen der Fassaden hat die Stiftung Humboldt Forum im Berliner Schloss im Sommer 2011 die &bdquo;Schlossbauh&uuml;tte&ldquo; in Spandau in einer ehemaligen KFZ-Reparaturhalle der Alliierten gegr&uuml;ndet. <\/div>\n\t\t\t\t\t\t\t\t\t\t\t\t\t\t\t\t\t\t\t\t\t\t\t\t\t\t\t\t<div class=\"insignificant\">\u00a9 SHF \/ David von Becker<\/div>\n\t\t\t\t\t\t\t\t\t\t\t\t\t\t\t\t\t<\/div>\n\t\t\t\t\t\t\t<\/figcaption>\n\t\t\t\t\t\t\t<div class=\"lazy-media-info-head-border\"><\/div>\n\t\t\t\t\t\t<\/div>\n\t\t\t\t\t<\/div>\n\t\t\t\t<\/div>\n\t\t\t<\/div>\n\t\t\t\t\t\t\t\t\t<\/figure>\n\t<\/lazy-media-inline>\n\t\t\t<\/div>\n\t\t\t<div class=\"col-xs-10 col-sm-6 col-md-5 copy margin-bottom-half\"><p>W\u00fcnsche, der \u201eSch\u00f6pfer der Borussia\u00ab, wie der Leiter der Schlossbauh\u00fctte Bertold Just ihn nennt, war einer der ersten Steinbildhauer in der Schlossbauh\u00fctte, die die Stiftung Humboldt Forum 2011 in einer ehemaligen KFZ-Reparaturhalle der Alliierten in Spandau einrichtete. Zusammen mit Kolleginnen und Kollegen aus Kunstgeschichte, Architektur und Denkmalpflege arbeiten hier Restauratorinnen und Restauratoren, Gipsformer und Steinmetze zusammen mit 24 freien Steinbildhauern daran, den Schl\u00fcterschen Fassadenschmuck des Berliner Schlosses zu rekonstruieren. Preu\u00dfischer Barock aus dem Jahre 1701 \u2013 wie baut man so etwas heute?<\/p>\n<p>Den Fl\u00fcgel, den W\u00fcnsche gerade bearbeitet, bekommt eine Genie an Portal III, der auch noch zwei Arme fehlen. Die Statiker waren lange unsicher, wie sie das kolossale Element stabilisieren sollten. \u201eSchl\u00fcter hat ja eher nach Gef\u00fchl gebaut, die Steinbildhauer hatten ihre Erfahrungswerte. Das mussten wir uns erst wieder erarbeiten\u201c, erkl\u00e4rt H\u00fcttenmeister Just. Das sei manchmal ein Spagat.<\/p>\n<\/div>\n\t\t<\/div>\n\t<\/div>\n<\/section>\n\n<section class=\"block block-copy block-no-margin\" >\n    <div class=\"container-fluid\">\n\t\t<div class=\"row \">\n            <div class=\"col-xs-12 col-md-offset-2 col-md-8\">\n                <div class=\"box\">\n                    <div class=\"copy\"><div class=\"_3ycPYXzeZR _1tqB__nJIV\">\n<p>Steine, die dreihundert Jahre lang gehalten haben, entsprechen pl\u00f6tzlich nicht mehr der vorgeschriebenen DIN-Norm. Mit dem Fortschritt der Technik sind auch die Anspr\u00fcche an die Statik gestiegen. \u201eTrotz aller modernen Normen m\u00fcssen wir jedoch im Schl\u00fcterschen Ma\u00dfsystemen denken \u2013 in 31,385 cm, dem preu\u00dfischen Fu\u00df.\u201c<\/p>\n<p>&nbsp;<\/p>\n<\/div>\n<\/div>\n                <\/div>\n            <\/div>\n\t\t<\/div>\n\t\t    <\/div>\n<\/section>\n\n<section class=\"block block-standard-two-images \">\n\t<div class=\"container-fluid\">\n\t\t<div class=\"row\">\n\t\t\t<div class=\"col-xs-12 col-md-4\">\n\t\t\t\t<div class=\"box first-image\" data-motion-parallax='{\"child\":\".image-wrapper\",\"mask\":\".lazy-media\",\"tween\":{\"yPercent\": [-20,20]}}'>\n\t\t\t\t\t\n\t<lazy-media-inline inline-template>\n\t\t<figure itemscope itemtype=\"http:\/\/schema.org\/ImageObject\" class=\"lazy-media-inline \" role=\"group\" id=\"media_69ee309583ec3\" aria-labelledby=\"desc_media_69ee309583ec3\">\n\t\t\t<script type=\"application\/json\" ref=\"data\">\n\t\t\t\t{\n\t\t\t\t\"sizes\" : {\"medium\":{\"file\":\"HF_eb00023038-scaled-300x200.jpg\",\"width\":300,\"height\":200,\"mime-type\":\"image\\\/jpeg\"},\"large\":{\"file\":\"HF_eb00023038-scaled-1024x682.jpg\",\"width\":1024,\"height\":682,\"mime-type\":\"image\\\/jpeg\"},\"thumbnail\":{\"file\":\"HF_eb00023038-scaled-150x150.jpg\",\"width\":150,\"height\":150,\"mime-type\":\"image\\\/jpeg\"},\"medium_large\":{\"file\":\"HF_eb00023038-scaled-768x511.jpg\",\"width\":768,\"height\":511,\"mime-type\":\"image\\\/jpeg\"},\"small\":{\"file\":\"HF_eb00023038-scaled-440x293.jpg\",\"width\":440,\"height\":293,\"mime-type\":\"image\\\/jpeg\"},\"semi\":{\"file\":\"HF_eb00023038-scaled-580x386.jpg\",\"width\":580,\"height\":386,\"mime-type\":\"image\\\/jpeg\"},\"mobile\":{\"file\":\"HF_eb00023038-scaled-720x479.jpg\",\"width\":720,\"height\":479,\"mime-type\":\"image\\\/jpeg\"},\"hd\":{\"file\":\"HF_eb00023038-scaled-1280x852.jpg\",\"width\":1280,\"height\":852,\"mime-type\":\"image\\\/jpeg\"},\"full\":{\"file\":\"HF_eb00023038-scaled-1920x1278.jpg\",\"width\":1920,\"height\":1278,\"mime-type\":\"image\\\/jpeg\"},\"1536x1536\":{\"file\":\"HF_eb00023038-scaled-1536x1022.jpg\",\"width\":1536,\"height\":1022,\"mime-type\":\"image\\\/jpeg\"},\"2048x2048\":{\"file\":\"HF_eb00023038-scaled-2048x1363.jpg\",\"width\":2048,\"height\":1363,\"mime-type\":\"image\\\/jpeg\"},\"original\":{\"file\":\"HF_eb00023038-scaled.jpg\",\"width\":2560,\"height\":1704}},\n\t\t\t\t\"alt\" : \"Skulptur eines Kopfes, teilweise mit Folie bedeckt, im Hintergrund weitere dekorative Elemente.\",\n\t\t\t\t\"path\" : \"\\\/wp-content\\\/uploads\\\/2020\\\/04\\\/\",\n\t\t\t\t\"video\" : null,\n\t\t\t\t\"autoplay\" : null,\n\t\t\t\t\"youtube\" : null,\n\t\t\t\t\"youtubelabel\" : \"Video abspielen\",\n\t\t\t\t\"brightness\" : 100,\n\t\t\t\t\"crop\" : null,\n\t\t\t\t\"background\" : false,\n\t\t\t\t\"scale\" : 1\t\t\t\t}\n\t\t\t<\/script>\n\n\t\t\t<div class=\"height-container\" style=\"padding-bottom:66.5625%;\" v-if=\"sizes\">\n\t\t\t\t\t\t\t\t<lazy-media :inline=\"true\" :alt=\"alt\" :sizes=\"sizes\" :scale=\"scale\" :brightness=\"brightness\" :path=\"path\" :video=\"video\" :autoplay=\"autoplay\" :youtube=\"youtube\" :crop=\"crop\" :youtubelabel=\"youtubelabel\" :background=\"background\" media-id=\"desc_media_69ee309583ec3\"><\/lazy-media>\n\t\t\t\t\t\t\t<\/div>\n\n\t\t\t\t\t\t\t<div class=\"lazy-media-info-container-fluid\">\n\t\t\t\t<div class=\"lazy-media-info-row end-xs\">\n\t\t\t\t\t<div class=\"lazy-media-info-col\">\n\t\t\t\t\t\t<div class=\"lazy-media-info\" aria-expanded=\"false\" :aria-expanded=\"isOpen ? 'true' : 'false'\">\n\t\t\t\t\t\t\t<button class=\"lazy-media-info-head button-tiny\" :class=\"{'button-active': isOpen}\" @click=\"toggle\" ref=\"head\"><span class=\"button-label insignificant\">Bildinfo<\/span><\/button>\n\t\t\t\t\t\t\t<figcaption class=\"lazy-media-info-body\" ref=\"body\" id=\"desc_media_69ee309583ec3\">\n\t\t\t\t\t\t\t\t<div class=\"lazy-media-info-body-content\">\n\t\t\t\t\t\t\t\t\t\t\t\t\t\t\t\t\t\t\t<div>Empfang in der Schlossbauh&uuml;tte<\/div>\n\t\t\t\t\t\t\t\t\t\t\t\t\t\t\t\t\t\t\t\t\t\t\t\t\t\t\t\t\t\t\t\t\t\t\t\t\t<div class=\"insignificant\">\u00a9 SHF \/ Marco Urban<\/div>\n\t\t\t\t\t\t\t\t\t\t\t\t\t\t\t\t\t<\/div>\n\t\t\t\t\t\t\t<\/figcaption>\n\t\t\t\t\t\t\t<div class=\"lazy-media-info-head-border\"><\/div>\n\t\t\t\t\t\t<\/div>\n\t\t\t\t\t<\/div>\n\t\t\t\t<\/div>\n\t\t\t<\/div>\n\t\t\t\t\t\t\t\t\t<\/figure>\n\t<\/lazy-media-inline>\n\t\t\t\t<\/div>\n\t\t\t\t<div class=\"copy\">\n\t\t\t\t\t<p class=\"Moderation\">Bei der Rekonstruktion geht es um die architektonischen und bildhauerischen Schmuckelemente. F\u00fcr die Arbeiten hat die Stiftung Humboldt Forum im Berliner Schloss im Sommer 2011 die \u00bbSchlossbauh\u00fctte\u00ab in Spandau in einer ehemaligen KFZ-Reparaturhalle der Alliierten gegr\u00fcndet.<\/p>\n\t\t\t\t<\/div>\n\t\t\t<\/div>\n\t\t\t<div class=\"col-xs-12 col-md-8 second-image\" data-motion-parallax='{\"child\":\".image-wrapper\",\"mask\":\".lazy-media\",\"tween\":{\"yPercent\": [-15,15]}}'>\n\t\t\t\t\n\t<lazy-media-inline inline-template>\n\t\t<figure itemscope itemtype=\"http:\/\/schema.org\/ImageObject\" class=\"lazy-media-inline \" role=\"group\" id=\"media_69ee309583fca\" aria-labelledby=\"desc_media_69ee309583fca\">\n\t\t\t<script type=\"application\/json\" ref=\"data\">\n\t\t\t\t{\n\t\t\t\t\"sizes\" : {\"medium\":{\"file\":\"HF_eb00094561-scaled-300x191.jpg\",\"width\":300,\"height\":191,\"mime-type\":\"image\\\/jpeg\"},\"large\":{\"file\":\"HF_eb00094561-scaled-1024x653.jpg\",\"width\":1024,\"height\":653,\"mime-type\":\"image\\\/jpeg\"},\"thumbnail\":{\"file\":\"HF_eb00094561-scaled-150x150.jpg\",\"width\":150,\"height\":150,\"mime-type\":\"image\\\/jpeg\"},\"medium_large\":{\"file\":\"HF_eb00094561-scaled-768x490.jpg\",\"width\":768,\"height\":490,\"mime-type\":\"image\\\/jpeg\"},\"small\":{\"file\":\"HF_eb00094561-scaled-440x281.jpg\",\"width\":440,\"height\":281,\"mime-type\":\"image\\\/jpeg\"},\"semi\":{\"file\":\"HF_eb00094561-scaled-580x370.jpg\",\"width\":580,\"height\":370,\"mime-type\":\"image\\\/jpeg\"},\"mobile\":{\"file\":\"HF_eb00094561-scaled-720x459.jpg\",\"width\":720,\"height\":459,\"mime-type\":\"image\\\/jpeg\"},\"hd\":{\"file\":\"HF_eb00094561-scaled-1280x816.jpg\",\"width\":1280,\"height\":816,\"mime-type\":\"image\\\/jpeg\"},\"full\":{\"file\":\"HF_eb00094561-scaled-1920x1224.jpg\",\"width\":1920,\"height\":1224,\"mime-type\":\"image\\\/jpeg\"},\"1536x1536\":{\"file\":\"HF_eb00094561-scaled-1536x979.jpg\",\"width\":1536,\"height\":979,\"mime-type\":\"image\\\/jpeg\"},\"2048x2048\":{\"file\":\"HF_eb00094561-scaled-2048x1306.jpg\",\"width\":2048,\"height\":1306,\"mime-type\":\"image\\\/jpeg\"},\"original\":{\"file\":\"HF_eb00094561-scaled.jpg\",\"width\":2560,\"height\":1632}},\n\t\t\t\t\"alt\" : \"Blick in die Schlossbauh\\u00fctte mit Sandstein Elementen auf dem Boden\",\n\t\t\t\t\"path\" : \"\\\/wp-content\\\/uploads\\\/2020\\\/04\\\/\",\n\t\t\t\t\"video\" : null,\n\t\t\t\t\"autoplay\" : null,\n\t\t\t\t\"youtube\" : null,\n\t\t\t\t\"youtubelabel\" : \"Video abspielen\",\n\t\t\t\t\"brightness\" : 100,\n\t\t\t\t\"crop\" : {\"top\":\"67.39\",\"left\":\"66.16\"},\n\t\t\t\t\"background\" : true,\n\t\t\t\t\"scale\" : 2\t\t\t\t}\n\t\t\t<\/script>\n\n\t\t\t<div class=\"height-container\" style=\"padding-bottom:63.75%;\" v-if=\"sizes\">\n\t\t\t\t\t\t\t\t<lazy-media :inline=\"true\" :alt=\"alt\" :sizes=\"sizes\" :scale=\"scale\" :brightness=\"brightness\" :path=\"path\" :video=\"video\" :autoplay=\"autoplay\" :youtube=\"youtube\" :crop=\"crop\" :youtubelabel=\"youtubelabel\" :background=\"background\" media-id=\"desc_media_69ee309583fca\"><\/lazy-media>\n\t\t\t\t\t\t\t<\/div>\n\n\t\t\t\t\t\t\t<div class=\"lazy-media-info-container-fluid\">\n\t\t\t\t<div class=\"lazy-media-info-row end-xs\">\n\t\t\t\t\t<div class=\"lazy-media-info-col\">\n\t\t\t\t\t\t<div class=\"lazy-media-info\" aria-expanded=\"false\" :aria-expanded=\"isOpen ? 'true' : 'false'\">\n\t\t\t\t\t\t\t<button class=\"lazy-media-info-head button-tiny\" :class=\"{'button-active': isOpen}\" @click=\"toggle\" ref=\"head\"><span class=\"button-label insignificant\">Bildinfo<\/span><\/button>\n\t\t\t\t\t\t\t<figcaption class=\"lazy-media-info-body\" ref=\"body\" id=\"desc_media_69ee309583fca\">\n\t\t\t\t\t\t\t\t<div class=\"lazy-media-info-body-content\">\n\t\t\t\t\t\t\t\t\t\t\t\t\t\t\t\t\t\t\t<div>Die Schlossbauh&uuml;tte des Berliner Stadtschloss in Berlin Spandau.\n<\/div>\n\t\t\t\t\t\t\t\t\t\t\t\t\t\t\t\t\t\t\t\t\t\t\t\t\t\t\t\t<div>F&uuml;r die Arbeiten an den Schmuckelementen der Fassaden hat die Stiftung Humboldt Forum im Berliner Schloss im Sommer 2011 die &bdquo;Schlossbauh&uuml;tte&ldquo; in Spandau in einer ehemaligen KFZ-Reparaturhalle der Alliierten gegr&uuml;ndet. <\/div>\n\t\t\t\t\t\t\t\t\t\t\t\t\t\t\t\t\t\t\t\t\t\t\t\t\t\t\t\t<div class=\"insignificant\">\u00a9 SHF \/ Foto: David von Becker<\/div>\n\t\t\t\t\t\t\t\t\t\t\t\t\t\t\t\t\t<\/div>\n\t\t\t\t\t\t\t<\/figcaption>\n\t\t\t\t\t\t\t<div class=\"lazy-media-info-head-border\"><\/div>\n\t\t\t\t\t\t<\/div>\n\t\t\t\t\t<\/div>\n\t\t\t\t<\/div>\n\t\t\t<\/div>\n\t\t\t\t\t\t\t\t\t<\/figure>\n\t<\/lazy-media-inline>\n\t\t\t<\/div>\n\t\t<\/div>\n\t<\/div>\n<\/section>\n\n<section class=\"block block-copy block-no-margin\" >\n    <div class=\"container-fluid\">\n\t\t<div class=\"row \">\n            <div class=\"col-xs-12 col-md-offset-2 col-md-8\">\n                <div class=\"box\">\n                    <div class=\"copy\"><p>Auch die detailgetreue Rekonstruktion der Artefakte ist nicht einfach. Von W\u00fcnsches Fl\u00fcgel etwa gibt es zwar Schwarz-Wei\u00df-Fotografien. Aber die Vergr\u00f6\u00dferungen sind unscharf und an den Schattenstellen sieht man nur Umrisse. Das reicht f\u00fcr die groben Proportionen und das erste Miniaturmodell aus Ton, das Bozzetto. Auf dieser Grundlage entsteht dann ein gr\u00f6\u00dfengetreues Gipsmodell, das der Steinbildhauer schlie\u00dflich mit einer traditionellen Punktiermethode auf den Sandstein \u00fcbertr\u00e4gt.<\/p>\n<p>Die Ziselierung der Federn aber gestaltet W\u00fcnsche wie Schl\u00fcter: nach Gef\u00fchl und Erfahrung. Auch wenn er bereits bei der ersten Bewerbung Erfahrung mit dem preu\u00dfischen Barock hatte, ist der 55-J\u00e4hrige \u00fcber die Jahre immer versierter geworden. \u201eDas ist ein intensiver Vertiefungs- und Lernprozess\u201c, sagt er. Allein an der Figur der Borussia hat W\u00fcnsche ein Jahr lang gearbeitet. Hier drau\u00dfen in seiner \u201eSchauer&#8220;, einem h\u00f6lzernen Unterstand auf dem Hof des Gel\u00e4ndes \u2013 durch alle Jahreszeiten hindurch.<\/p>\n<p>&nbsp;<\/p>\n<\/div>\n                <\/div>\n            <\/div>\n\t\t<\/div>\n\t\t    <\/div>\n<\/section>\n\n\n<section class=\"block block-copy-quote\">\n\t<div class=\"container-fluid\">\n\t\t<div class=\"row center-xs\">\n\t\t\t\t\t\t<div class=\"col-xs-8 col-md-2 col-md-offset-0 quote-image\">\n\t\t\t\t<div class=\"box\" data-motion-parallax='{\"child\":\".image-wrapper\",\"mask\":\".lazy-media\",\"tween\":{\"yPercent\": [-10,10]}}'>\n\t\t\t\t\t\n\t<lazy-media-inline inline-template>\n\t\t<figure itemscope itemtype=\"http:\/\/schema.org\/ImageObject\" class=\"lazy-media-inline \" role=\"group\" id=\"media_69ee309585a3d\" aria-labelledby=\"desc_media_69ee309585a3d\">\n\t\t\t<script type=\"application\/json\" ref=\"data\">\n\t\t\t\t{\n\t\t\t\t\"sizes\" : {\"medium\":{\"file\":\"HF_eb00094562-cropped-300x300.jpg\",\"width\":300,\"height\":300,\"mime-type\":\"image\\\/jpeg\"},\"large\":{\"file\":\"HF_eb00094562-cropped-1024x1024.jpg\",\"width\":1024,\"height\":1024,\"mime-type\":\"image\\\/jpeg\"},\"thumbnail\":{\"file\":\"HF_eb00094562-cropped-150x150.jpg\",\"width\":150,\"height\":150,\"mime-type\":\"image\\\/jpeg\"},\"medium_large\":{\"file\":\"HF_eb00094562-cropped-768x768.jpg\",\"width\":768,\"height\":768,\"mime-type\":\"image\\\/jpeg\"},\"small\":{\"file\":\"HF_eb00094562-cropped-440x440.jpg\",\"width\":440,\"height\":440,\"mime-type\":\"image\\\/jpeg\"},\"semi\":{\"file\":\"HF_eb00094562-cropped-580x580.jpg\",\"width\":580,\"height\":580,\"mime-type\":\"image\\\/jpeg\"},\"mobile\":{\"file\":\"HF_eb00094562-cropped-720x720.jpg\",\"width\":720,\"height\":720,\"mime-type\":\"image\\\/jpeg\"},\"hd\":{\"file\":\"HF_eb00094562-cropped-1280x1280.jpg\",\"width\":1280,\"height\":1280,\"mime-type\":\"image\\\/jpeg\"},\"original\":{\"file\":\"HF_eb00094562-cropped.jpg\",\"width\":1429,\"height\":1429}},\n\t\t\t\t\"alt\" : \"Ein Steinmetz arbeitet fokussiert mit Hammer und Mei\\u00dfel an einer Steinfigur.\",\n\t\t\t\t\"path\" : \"\\\/wp-content\\\/uploads\\\/2020\\\/05\\\/\",\n\t\t\t\t\"video\" : null,\n\t\t\t\t\"autoplay\" : null,\n\t\t\t\t\"youtube\" : null,\n\t\t\t\t\"youtubelabel\" : \"Video abspielen\",\n\t\t\t\t\"brightness\" : 100,\n\t\t\t\t\"crop\" : {\"top\":\"29.06\",\"left\":\"66.37\"},\n\t\t\t\t\"background\" : true,\n\t\t\t\t\"scale\" : 2\t\t\t\t}\n\t\t\t<\/script>\n\n\t\t\t<div class=\"height-container\" style=\"padding-bottom:100%;\" v-if=\"sizes\">\n\t\t\t\t\t\t\t\t<lazy-media :inline=\"true\" :alt=\"alt\" :sizes=\"sizes\" :scale=\"scale\" :brightness=\"brightness\" :path=\"path\" :video=\"video\" :autoplay=\"autoplay\" :youtube=\"youtube\" :crop=\"crop\" :youtubelabel=\"youtubelabel\" :background=\"background\" media-id=\"desc_media_69ee309585a3d\"><\/lazy-media>\n\t\t\t\t\t\t\t<\/div>\n\n\t\t\t\t\t\t\t<div class=\"lazy-media-info-container-fluid\">\n\t\t\t\t<div class=\"lazy-media-info-row end-xs\">\n\t\t\t\t\t<div class=\"lazy-media-info-col\">\n\t\t\t\t\t\t<div class=\"lazy-media-info\" aria-expanded=\"false\" :aria-expanded=\"isOpen ? 'true' : 'false'\">\n\t\t\t\t\t\t\t<button class=\"lazy-media-info-head button-tiny\" :class=\"{'button-active': isOpen}\" @click=\"toggle\" ref=\"head\"><span class=\"button-label insignificant\">Bildinfo<\/span><\/button>\n\t\t\t\t\t\t\t<figcaption class=\"lazy-media-info-body\" ref=\"body\" id=\"desc_media_69ee309585a3d\">\n\t\t\t\t\t\t\t\t<div class=\"lazy-media-info-body-content\">\n\t\t\t\t\t\t\t\t\t\t\t\t\t\t\t\t\t\t\t<div>Bildhauer Peik W&uuml;nsche<\/div>\n\t\t\t\t\t\t\t\t\t\t\t\t\t\t\t\t\t\t\t\t\t\t\t\t\t\t\t\t\t\t\t\t\t\t\t\t\t<div class=\"insignificant\">\u00a9 SHF \/\u00a0Foto: David von Becker<\/div>\n\t\t\t\t\t\t\t\t\t\t\t\t\t\t\t\t\t<\/div>\n\t\t\t\t\t\t\t<\/figcaption>\n\t\t\t\t\t\t\t<div class=\"lazy-media-info-head-border\"><\/div>\n\t\t\t\t\t\t<\/div>\n\t\t\t\t\t<\/div>\n\t\t\t\t<\/div>\n\t\t\t<\/div>\n\t\t\t\t\t\t\t\t\t<\/figure>\n\t<\/lazy-media-inline>\n\t\t\t\t<\/div>\n\t\t\t<\/div>\n\t\t\t\t\t\t<figure class=\"col-xs-10 col-md-6 quote-copy\">\n\t\t\t\t<div class=\"box\">\n\t\t\t\t\t<div class=\"container-fluid\">\n\t\t\t\t\t\t<div class=\"row\">\n\t\t\t\t\t\t\t<div class=\"col-xs-10 col-xs-offset-1 col-padding-remove\">\n\t\t\t\t\t\t\t\t<div class=\"box\">\n\t\t\t\t\t\t\t\t\t<span class=\"icon-zitat quote-copy-icon  \"><\/span>\n\t\t\t\t\t\t\t\t\t<blockquote class=\"quote-copy-headline Zitat\">Ich mag den Barock. Das ist lustiger als Klassizismus. Wabernder, volumin\u00f6ser, wuchernder.<\/blockquote>\n\t\t\t\t\t\t\t\t\t<figcaption class=\"quote-copy-subline Copyright\">Bildhauer Peik W\u00fcnsche<\/figcaption>\n\t\t\t\t\t\t\t\t<\/div>\n\t\t\t\t\t\t\t<\/div>\n\t\t\t\t\t\t<\/div>\n\t\t\t\t\t<\/div>\n\t\t\t\t<\/div>\n\t\t\t<\/figure>\n\t\t<\/div>\n\t<\/div>\n<\/section>\n\n<section class=\"block block-copy block-no-margin\" >\n    <div class=\"container-fluid\">\n\t\t<div class=\"row \">\n            <div class=\"col-xs-12 col-md-offset-2 col-md-8\">\n                <div class=\"box\">\n                    <div class=\"copy\"><div class=\"_3ycPYXzeZR _1tqB__nJIV\">\n<p>Ein Blitzen in den Augen, bescheidene Freude \u00fcber die gewitzte Formulierung. Peik W\u00fcnsche mag nicht nur Cool Jazz. In den Pausen liest er \u201eBlues f\u00fcr Blondinen&#8220;, J\u00f6rg Fausers Reportagen und Essays. Unter einem Foto von Klaus Kinski als C\u00e4sar.<\/p>\n<p>Drinnen, in der hellen Halle, sieht man neben schwarz patinierten Originalfiguren mit abgebrochenen M\u00fcndern, wie hilfreich die moderne Technik in manchen F\u00e4llen war. Hinter dschungelartigem Pflanzengeranke erkennt man in hohlen Kunststoffformen das Liebknecht-Portal. Das am Staatsratsgeb\u00e4ude erhaltene Original wurde dreidimensional gescannt und mit dem 3D-Drucker ausgedruckt. In den Natursteinfirmen fr\u00e4sten CNC-gesteuerte Roboter das Gr\u00f6bste aus dem Stein, der dann von den Steinbildhauern vollendet wurde.<\/p>\n<p>&nbsp;<\/p>\n<\/div>\n<\/div>\n                <\/div>\n            <\/div>\n\t\t<\/div>\n\t\t    <\/div>\n<\/section>\n\n<section class=\"block block-standard-two-images \">\n\t<div class=\"container-fluid\">\n\t\t<div class=\"row\">\n\t\t\t<div class=\"col-xs-12 col-md-4\">\n\t\t\t\t<div class=\"box first-image\" data-motion-parallax='{\"child\":\".image-wrapper\",\"mask\":\".lazy-media\",\"tween\":{\"yPercent\": [-20,20]}}'>\n\t\t\t\t\t\n\t<lazy-media-inline inline-template>\n\t\t<figure itemscope itemtype=\"http:\/\/schema.org\/ImageObject\" class=\"lazy-media-inline \" role=\"group\" id=\"media_69ee3095879e1\" aria-labelledby=\"desc_media_69ee3095879e1\">\n\t\t\t<script type=\"application\/json\" ref=\"data\">\n\t\t\t\t{\n\t\t\t\t\"sizes\" : {\"medium\":{\"file\":\"HF_eb00047201-scaled-300x200.jpg\",\"width\":300,\"height\":200,\"mime-type\":\"image\\\/jpeg\"},\"large\":{\"file\":\"HF_eb00047201-scaled-1024x682.jpg\",\"width\":1024,\"height\":682,\"mime-type\":\"image\\\/jpeg\"},\"thumbnail\":{\"file\":\"HF_eb00047201-scaled-150x150.jpg\",\"width\":150,\"height\":150,\"mime-type\":\"image\\\/jpeg\"},\"medium_large\":{\"file\":\"HF_eb00047201-scaled-768x511.jpg\",\"width\":768,\"height\":511,\"mime-type\":\"image\\\/jpeg\"},\"small\":{\"file\":\"HF_eb00047201-scaled-440x293.jpg\",\"width\":440,\"height\":293,\"mime-type\":\"image\\\/jpeg\"},\"semi\":{\"file\":\"HF_eb00047201-scaled-580x386.jpg\",\"width\":580,\"height\":386,\"mime-type\":\"image\\\/jpeg\"},\"mobile\":{\"file\":\"HF_eb00047201-scaled-720x479.jpg\",\"width\":720,\"height\":479,\"mime-type\":\"image\\\/jpeg\"},\"hd\":{\"file\":\"HF_eb00047201-scaled-1280x852.jpg\",\"width\":1280,\"height\":852,\"mime-type\":\"image\\\/jpeg\"},\"full\":{\"file\":\"HF_eb00047201-scaled-1920x1278.jpg\",\"width\":1920,\"height\":1278,\"mime-type\":\"image\\\/jpeg\"},\"1536x1536\":{\"file\":\"HF_eb00047201-scaled-1536x1022.jpg\",\"width\":1536,\"height\":1022,\"mime-type\":\"image\\\/jpeg\"},\"2048x2048\":{\"file\":\"HF_eb00047201-scaled-2048x1363.jpg\",\"width\":2048,\"height\":1363,\"mime-type\":\"image\\\/jpeg\"},\"original\":{\"file\":\"HF_eb00047201-scaled.jpg\",\"width\":2560,\"height\":1704}},\n\t\t\t\t\"alt\" : \"Dekorative Elemente der S\\u00fcdfassade\",\n\t\t\t\t\"path\" : \"\\\/wp-content\\\/uploads\\\/2020\\\/04\\\/\",\n\t\t\t\t\"video\" : null,\n\t\t\t\t\"autoplay\" : null,\n\t\t\t\t\"youtube\" : null,\n\t\t\t\t\"youtubelabel\" : \"Video abspielen\",\n\t\t\t\t\"brightness\" : 100,\n\t\t\t\t\"crop\" : null,\n\t\t\t\t\"background\" : false,\n\t\t\t\t\"scale\" : 1\t\t\t\t}\n\t\t\t<\/script>\n\n\t\t\t<div class=\"height-container\" style=\"padding-bottom:66.5625%;\" v-if=\"sizes\">\n\t\t\t\t\t\t\t\t<lazy-media :inline=\"true\" :alt=\"alt\" :sizes=\"sizes\" :scale=\"scale\" :brightness=\"brightness\" :path=\"path\" :video=\"video\" :autoplay=\"autoplay\" :youtube=\"youtube\" :crop=\"crop\" :youtubelabel=\"youtubelabel\" :background=\"background\" media-id=\"desc_media_69ee3095879e1\"><\/lazy-media>\n\t\t\t\t\t\t\t<\/div>\n\n\t\t\t\t\t\t\t<div class=\"lazy-media-info-container-fluid\">\n\t\t\t\t<div class=\"lazy-media-info-row end-xs\">\n\t\t\t\t\t<div class=\"lazy-media-info-col\">\n\t\t\t\t\t\t<div class=\"lazy-media-info\" aria-expanded=\"false\" :aria-expanded=\"isOpen ? 'true' : 'false'\">\n\t\t\t\t\t\t\t<button class=\"lazy-media-info-head button-tiny\" :class=\"{'button-active': isOpen}\" @click=\"toggle\" ref=\"head\"><span class=\"button-label insignificant\">Bildinfo<\/span><\/button>\n\t\t\t\t\t\t\t<figcaption class=\"lazy-media-info-body\" ref=\"body\" id=\"desc_media_69ee3095879e1\">\n\t\t\t\t\t\t\t\t<div class=\"lazy-media-info-body-content\">\n\t\t\t\t\t\t\t\t\t\t\t\t\t\t\t\t\t\t\t<div>Blick auf die S&uuml;dfassade<\/div>\n\t\t\t\t\t\t\t\t\t\t\t\t\t\t\t\t\t\t\t\t\t\t\t\t\t\t\t\t\t\t\t\t\t\t\t\t\t<div class=\"insignificant\">\u00a9 SHF \/ Stephan Falk<\/div>\n\t\t\t\t\t\t\t\t\t\t\t\t\t\t\t\t\t<\/div>\n\t\t\t\t\t\t\t<\/figcaption>\n\t\t\t\t\t\t\t<div class=\"lazy-media-info-head-border\"><\/div>\n\t\t\t\t\t\t<\/div>\n\t\t\t\t\t<\/div>\n\t\t\t\t<\/div>\n\t\t\t<\/div>\n\t\t\t\t\t\t\t\t\t<\/figure>\n\t<\/lazy-media-inline>\n\t\t\t\t<\/div>\n\t\t\t\t<div class=\"copy\">\n\t\t\t\t\t<p class=\"Moderation\">Der Deutsche Bundestag hat 2002 beschlossen, die drei barocken Au\u00dfenfassaden samt Kuppel und die drei barocken Fassaden des Schl\u00fcterhofes des Berliner Schlosses zu rekonstruieren. Die Wiedererrichtung der Schlossfassaden soll die herausragende k\u00fcnstlerische Gestaltung des Baumeisters Andreas Schl\u00fcter erkennbar machen. <\/p>\n\t\t\t\t<\/div>\n\t\t\t<\/div>\n\t\t\t<div class=\"col-xs-12 col-md-8 second-image\" data-motion-parallax='{\"child\":\".image-wrapper\",\"mask\":\".lazy-media\",\"tween\":{\"yPercent\": [-15,15]}}'>\n\t\t\t\t\n\t<lazy-media-inline inline-template>\n\t\t<figure itemscope itemtype=\"http:\/\/schema.org\/ImageObject\" class=\"lazy-media-inline \" role=\"group\" id=\"media_69ee309587afe\" aria-labelledby=\"desc_media_69ee309587afe\">\n\t\t\t<script type=\"application\/json\" ref=\"data\">\n\t\t\t\t{\n\t\t\t\t\"sizes\" : {\"medium\":{\"file\":\"HF_eb00063957-scaled-300x268.jpg\",\"width\":300,\"height\":268,\"mime-type\":\"image\\\/jpeg\"},\"large\":{\"file\":\"HF_eb00063957-scaled-1024x916.jpg\",\"width\":1024,\"height\":916,\"mime-type\":\"image\\\/jpeg\"},\"thumbnail\":{\"file\":\"HF_eb00063957-scaled-150x150.jpg\",\"width\":150,\"height\":150,\"mime-type\":\"image\\\/jpeg\"},\"medium_large\":{\"file\":\"HF_eb00063957-scaled-768x687.jpg\",\"width\":768,\"height\":687,\"mime-type\":\"image\\\/jpeg\"},\"small\":{\"file\":\"HF_eb00063957-scaled-440x393.jpg\",\"width\":440,\"height\":393,\"mime-type\":\"image\\\/jpeg\"},\"semi\":{\"file\":\"HF_eb00063957-scaled-580x519.jpg\",\"width\":580,\"height\":519,\"mime-type\":\"image\\\/jpeg\"},\"mobile\":{\"file\":\"HF_eb00063957-scaled-720x644.jpg\",\"width\":720,\"height\":644,\"mime-type\":\"image\\\/jpeg\"},\"hd\":{\"file\":\"HF_eb00063957-scaled-1280x1145.jpg\",\"width\":1280,\"height\":1145,\"mime-type\":\"image\\\/jpeg\"},\"full\":{\"file\":\"HF_eb00063957-scaled-1920x1717.jpg\",\"width\":1920,\"height\":1717,\"mime-type\":\"image\\\/jpeg\"},\"1536x1536\":{\"file\":\"HF_eb00063957-scaled-1536x1373.jpg\",\"width\":1536,\"height\":1373,\"mime-type\":\"image\\\/jpeg\"},\"2048x2048\":{\"file\":\"HF_eb00063957-scaled-2048x1831.jpg\",\"width\":2048,\"height\":1831,\"mime-type\":\"image\\\/jpeg\"},\"original\":{\"file\":\"HF_eb00063957-scaled.jpg\",\"width\":2560,\"height\":2289}},\n\t\t\t\t\"alt\" : \"Historisches Geb\\u00e4ude mit pr\\u00e4chtiger Fassade und Bauarbeiten im Vordergrund, klarer Himmel im Hintergrund.\",\n\t\t\t\t\"path\" : \"\\\/wp-content\\\/uploads\\\/2020\\\/04\\\/\",\n\t\t\t\t\"video\" : null,\n\t\t\t\t\"autoplay\" : null,\n\t\t\t\t\"youtube\" : null,\n\t\t\t\t\"youtubelabel\" : \"Video abspielen\",\n\t\t\t\t\"brightness\" : 100,\n\t\t\t\t\"crop\" : {\"top\":\"62.42\",\"left\":\"49.48\"},\n\t\t\t\t\"background\" : true,\n\t\t\t\t\"scale\" : 2\t\t\t\t}\n\t\t\t<\/script>\n\n\t\t\t<div class=\"height-container\" style=\"padding-bottom:89.4140625%;\" v-if=\"sizes\">\n\t\t\t\t\t\t\t\t<lazy-media :inline=\"true\" :alt=\"alt\" :sizes=\"sizes\" :scale=\"scale\" :brightness=\"brightness\" :path=\"path\" :video=\"video\" :autoplay=\"autoplay\" :youtube=\"youtube\" :crop=\"crop\" :youtubelabel=\"youtubelabel\" :background=\"background\" media-id=\"desc_media_69ee309587afe\"><\/lazy-media>\n\t\t\t\t\t\t\t<\/div>\n\n\t\t\t\t\t\t\t<div class=\"lazy-media-info-container-fluid\">\n\t\t\t\t<div class=\"lazy-media-info-row end-xs\">\n\t\t\t\t\t<div class=\"lazy-media-info-col\">\n\t\t\t\t\t\t<div class=\"lazy-media-info\" aria-expanded=\"false\" :aria-expanded=\"isOpen ? 'true' : 'false'\">\n\t\t\t\t\t\t\t<button class=\"lazy-media-info-head button-tiny\" :class=\"{'button-active': isOpen}\" @click=\"toggle\" ref=\"head\"><span class=\"button-label insignificant\">Bildinfo<\/span><\/button>\n\t\t\t\t\t\t\t<figcaption class=\"lazy-media-info-body\" ref=\"body\" id=\"desc_media_69ee309587afe\">\n\t\t\t\t\t\t\t\t<div class=\"lazy-media-info-body-content\">\n\t\t\t\t\t\t\t\t\t\t\t\t\t\t\t\t\t\t\t<div>Baustelle Humboldt Forum <\/div>\n\t\t\t\t\t\t\t\t\t\t\t\t\t\t\t\t\t\t\t\t\t\t\t\t\t\t\t\t<div>Blick auf die Nordfassade und das Portal 5 <\/div>\n\t\t\t\t\t\t\t\t\t\t\t\t\t\t\t\t\t\t\t\t\t\t\t\t\t\t\t\t<div class=\"insignificant\">\u00a9 SHF \/ Stephan Falk<\/div>\n\t\t\t\t\t\t\t\t\t\t\t\t\t\t\t\t\t<\/div>\n\t\t\t\t\t\t\t<\/figcaption>\n\t\t\t\t\t\t\t<div class=\"lazy-media-info-head-border\"><\/div>\n\t\t\t\t\t\t<\/div>\n\t\t\t\t\t<\/div>\n\t\t\t\t<\/div>\n\t\t\t<\/div>\n\t\t\t\t\t\t\t\t\t<\/figure>\n\t<\/lazy-media-inline>\n\t\t\t<\/div>\n\t\t<\/div>\n\t<\/div>\n<\/section>\n\n<section class=\"block block-copy block-no-margin\" >\n    <div class=\"container-fluid\">\n\t\t<div class=\"row \">\n            <div class=\"col-xs-12 col-md-offset-2 col-md-8\">\n                <div class=\"box\">\n                    <div class=\"copy\"><p>\u201eUnser Liebknecht-Portal ist eigentlich originaler als das Original\u201c, erkl\u00e4rt Just stolz. Denn beim Einbau ins Staatsratsgeb\u00e4ude 1963 h\u00e4tten die DDR-Baumeister nicht nur den preu\u00dfischen Adler weggelassen, sondern auch manche Details falsch rekonstruiert. \u201eDank der bei uns versammelten kunsthistorischen Kompetenz wird im Humboldt Forum die historisch dokumentierte Version eingebaut\u201c, sagt Just.<\/p>\n<p>Ein letzter H\u00f6hepunkt seiner Arbeit in der Schlossbauh\u00fctte k\u00f6nnte f\u00fcr Peik W\u00fcnsche die Gestaltung des Apoll oder eine der anderen Kolossalskulpturen werden. Zusammen mit sechzehn weiteren G\u00f6tterfiguren schaute der Gott der Musik von der Fassade in den Schl\u00fcterhof hinunter. Als drei Meter hohes Gipsmodell wartet er nun in Spandau auf seine Rekonstruktion. Wenn W\u00fcnsche die Ausschreibung f\u00fcr den Apoll gewinnt, weht in Spandau vielleicht bald ein Hauch Cool Jazz \u00fcber die antike Leier.<\/p>\n<\/div>\n                <\/div>\n            <\/div>\n\t\t<\/div>\n\t\t    <\/div>\n<\/section>","protected":false},"excerpt":{"rendered":"<p>Ein barockes Schloss wieder neu zu bauen \u2013 das ist auch eine Kunst. Vor allem f\u00fcr die Fassade und ihre Skulpturen braucht es klassisches Handwerk und moderne Technik. Und Menschen, die begeistert sind von ihrer Aufgabe.<\/p>\n","protected":false},"featured_media":3190,"template":"","magazine-topic":[92,288],"magazine-format":[123],"magazine-author":[],"class_list":["post-2317","magazine-article","type-magazine-article","status-publish","has-post-thumbnail","hentry","magazine-topic-berliner-schloss","magazine-topic-rekonstruktion","magazine-format-artikel"],"acf":[],"_links":{"self":[{"href":"https:\/\/www.humboldtforum.org\/de\/wp-json\/wp\/v2\/magazine-article\/2317","targetHints":{"allow":["GET"]}}],"collection":[{"href":"https:\/\/www.humboldtforum.org\/de\/wp-json\/wp\/v2\/magazine-article"}],"about":[{"href":"https:\/\/www.humboldtforum.org\/de\/wp-json\/wp\/v2\/types\/magazine-article"}],"version-history":[{"count":0,"href":"https:\/\/www.humboldtforum.org\/de\/wp-json\/wp\/v2\/magazine-article\/2317\/revisions"}],"wp:featuredmedia":[{"embeddable":true,"href":"https:\/\/www.humboldtforum.org\/de\/wp-json\/wp\/v2\/media\/3190"}],"wp:attachment":[{"href":"https:\/\/www.humboldtforum.org\/de\/wp-json\/wp\/v2\/media?parent=2317"}],"wp:term":[{"taxonomy":"magazine-topic","embeddable":true,"href":"https:\/\/www.humboldtforum.org\/de\/wp-json\/wp\/v2\/magazine-topic?post=2317"},{"taxonomy":"magazine-format","embeddable":true,"href":"https:\/\/www.humboldtforum.org\/de\/wp-json\/wp\/v2\/magazine-format?post=2317"},{"taxonomy":"magazine-author","embeddable":true,"href":"https:\/\/www.humboldtforum.org\/de\/wp-json\/wp\/v2\/magazine-author?post=2317"}],"curies":[{"name":"wp","href":"https:\/\/api.w.org\/{rel}","templated":true}]}}