{"id":2319,"date":"2018-04-12T12:01:00","date_gmt":"2018-04-12T10:01:00","guid":{"rendered":"https:\/\/www.humboldtforum.org\/?post_type=magazine-article&#038;p=2319"},"modified":"2020-05-22T17:28:07","modified_gmt":"2020-05-22T15:28:07","slug":"waerme-aus-100-meter-tiefe","status":"publish","type":"magazine-article","link":"https:\/\/www.humboldtforum.org\/de\/magazin\/artikel\/waerme-aus-100-meter-tiefe\/","title":{"rendered":"W\u00e4rme aus 100 Meter Tiefe"},"content":{"rendered":"<section class=\"block block-copy\" >\n    <div class=\"container-fluid\">\n\t\t<div class=\"row \">\n            <div class=\"col-xs-12 col-md-offset-2 col-md-8\">\n                <div class=\"box\">\n                    <div class=\"copy\"><h6>Energieeffizient zu bauen, ist heute selbstverst\u00e4ndlich. Welche besonderen Anforderungen stellt hier ein Bauwerk wie das Humboldt Forum?<\/h6>\n<p><em>Thomas Hermann:<\/em> An ein Geb\u00e4ude dieser Gr\u00f6\u00dfenordnung und dieser Funktionalit\u00e4t muss man auch beim Thema Nachhaltigkeit ganz anders herangehen als an ein Einfamilienhaus. Zum Beispiel ist im Humboldt Forum das Thema K\u00fchlen das ganze Jahr \u00fcber besonders wichtig \u2013 vor allem w\u00e4hrend der \u00d6ffnungszeiten, wenn Beleuchtung und Besucher W\u00e4rme und Feuchte abgeben. Die K\u00e4lte- und W\u00e4rmeleistung, die wir f\u00fcr das Humboldt Forum ben\u00f6tigen, w\u00fcrde f\u00fcr 1.500 bis 2.000 Einfamilienh\u00e4user ausreichen. Das verdeutlicht ganz gut die Dimensionen, von denen wir hier reden. Dabei unterschreitet das Geb\u00e4ude dank gut d\u00e4mmender Fenster und W\u00e4nde die Vorgaben der Energieeinsparverordnung (EnEV) von 2009 um mehr als 30 Prozent.<\/p>\n<h6>Abgesehen von der Gr\u00f6\u00dfe \u2013 welche Besonderheiten gibt es noch?<\/h6>\n<p>Das Nachhaltigkeitskonzept setzt sich aus vielen kleinen Mosaiksteinen zusammen, die die speziellen technischen Anforderung seiner Aufgaben ber\u00fccksichtigen. So ben\u00f6tigen die Objekte und Kunstwerke des Ethnologischen Museums und des Museums f\u00fcr Asiatische Kunst oder auch die Leihgaben auf den Sonderausstellungsfl\u00e4chen ein jeweils ganz spezielles Raumklima \u2013 organische Materialien zum Beispiel eine Umgebung, in der Raumtemperatur und Raumfeuchte m\u00f6glichst konstant sind. In mehreren sogenannten thermodynamischen Behandlungsstufen wird deshalb im gesamten Ausstellungsbereich die Luft im Sommer entfeuchtet und gek\u00fchlt, im Winter befeuchtet und erw\u00e4rmt. Solche Prozesse verbrauchen viel Energie. Also haben wir uns Gedanken gemacht, wie wir diese Energie m\u00f6glichst effizient nutzen und auch selbst erzeugen k\u00f6nnen.<\/p>\n<\/div>\n                <\/div>\n            <\/div>\n\t\t<\/div>\n\t\t    <\/div>\n<\/section>\n\n\n<section class=\"block block-copy-quote\">\n\t<div class=\"container-fluid\">\n\t\t<div class=\"row center-xs\">\n\t\t\t\t\t\t<div class=\"col-xs-8 col-md-2 col-md-offset-0 quote-image\">\n\t\t\t\t<div class=\"box\" data-motion-parallax='{\"child\":\".image-wrapper\",\"mask\":\".lazy-media\",\"tween\":{\"yPercent\": [-10,10]}}'>\n\t\t\t\t\t\n\t<lazy-media-inline inline-template>\n\t\t<figure itemscope itemtype=\"http:\/\/schema.org\/ImageObject\" class=\"lazy-media-inline lazy-max-height-exception\" role=\"group\" id=\"media_69ee306168f45\" aria-labelledby=\"desc_media_69ee306168f45\">\n\t\t\t<script type=\"application\/json\" ref=\"data\">\n\t\t\t\t{\n\t\t\t\t\"sizes\" : {\"medium\":{\"file\":\"HF_eb00094566-scaled-203x300.jpg\",\"width\":203,\"height\":300,\"mime-type\":\"image\\\/jpeg\"},\"large\":{\"file\":\"HF_eb00094566-scaled-693x1024.jpg\",\"width\":693,\"height\":1024,\"mime-type\":\"image\\\/jpeg\"},\"thumbnail\":{\"file\":\"HF_eb00094566-scaled-150x150.jpg\",\"width\":150,\"height\":150,\"mime-type\":\"image\\\/jpeg\"},\"medium_large\":{\"file\":\"HF_eb00094566-scaled-768x1135.jpg\",\"width\":768,\"height\":1135,\"mime-type\":\"image\\\/jpeg\"},\"small\":{\"file\":\"HF_eb00094566-scaled-298x440.jpg\",\"width\":298,\"height\":440,\"mime-type\":\"image\\\/jpeg\"},\"semi\":{\"file\":\"HF_eb00094566-scaled-392x580.jpg\",\"width\":392,\"height\":580,\"mime-type\":\"image\\\/jpeg\"},\"mobile\":{\"file\":\"HF_eb00094566-scaled-487x720.jpg\",\"width\":487,\"height\":720,\"mime-type\":\"image\\\/jpeg\"},\"hd\":{\"file\":\"HF_eb00094566-scaled-866x1280.jpg\",\"width\":866,\"height\":1280,\"mime-type\":\"image\\\/jpeg\"},\"full\":{\"file\":\"HF_eb00094566-scaled-1299x1920.jpg\",\"width\":1299,\"height\":1920,\"mime-type\":\"image\\\/jpeg\"},\"1536x1536\":{\"file\":\"HF_eb00094566-scaled-1039x1536.jpg\",\"width\":1039,\"height\":1536,\"mime-type\":\"image\\\/jpeg\"},\"2048x2048\":{\"file\":\"HF_eb00094566-scaled-1386x2048.jpg\",\"width\":1386,\"height\":2048,\"mime-type\":\"image\\\/jpeg\"},\"original\":{\"file\":\"HF_eb00094566-scaled.jpg\",\"width\":1732,\"height\":2560}},\n\t\t\t\t\"alt\" : \"Mann in Arbeitskleidung mit orangefarbener Weste steht auf einem Dach, im Hintergrund ist eine Kuppel zu sehen.\",\n\t\t\t\t\"path\" : \"\\\/wp-content\\\/uploads\\\/2018\\\/04\\\/\",\n\t\t\t\t\"video\" : null,\n\t\t\t\t\"autoplay\" : null,\n\t\t\t\t\"youtube\" : null,\n\t\t\t\t\"youtubelabel\" : \"Video abspielen\",\n\t\t\t\t\"brightness\" : 100,\n\t\t\t\t\"crop\" : {\"top\":\"47.78\",\"left\":\"40.53\"},\n\t\t\t\t\"background\" : true,\n\t\t\t\t\"scale\" : 2\t\t\t\t}\n\t\t\t<\/script>\n\n\t\t\t<div class=\"height-container\" style=\"padding-bottom:147.80600461894%;\" v-if=\"sizes\">\n\t\t\t\t\t\t\t\t<lazy-media :inline=\"true\" :alt=\"alt\" :sizes=\"sizes\" :scale=\"scale\" :brightness=\"brightness\" :path=\"path\" :video=\"video\" :autoplay=\"autoplay\" :youtube=\"youtube\" :crop=\"crop\" :youtubelabel=\"youtubelabel\" :background=\"background\" media-id=\"desc_media_69ee306168f45\"><\/lazy-media>\n\t\t\t\t\t\t\t<\/div>\n\n\t\t\t\t\t\t\t<div class=\"lazy-media-info-container-fluid\">\n\t\t\t\t<div class=\"lazy-media-info-row end-xs\">\n\t\t\t\t\t<div class=\"lazy-media-info-col\">\n\t\t\t\t\t\t<div class=\"lazy-media-info\" aria-expanded=\"false\" :aria-expanded=\"isOpen ? 'true' : 'false'\">\n\t\t\t\t\t\t\t<button class=\"lazy-media-info-head button-tiny\" :class=\"{'button-active': isOpen}\" @click=\"toggle\" ref=\"head\"><span class=\"button-label insignificant\">Bildinfo<\/span><\/button>\n\t\t\t\t\t\t\t<figcaption class=\"lazy-media-info-body\" ref=\"body\" id=\"desc_media_69ee306168f45\">\n\t\t\t\t\t\t\t\t<div class=\"lazy-media-info-body-content\">\n\t\t\t\t\t\t\t\t\t\t\t\t\t\t\t\t\t\t\t<div>Thomas Herrmann, Vorstand Facility Management der Stiftung Humboldt Forum.\n<\/div>\n\t\t\t\t\t\t\t\t\t\t\t\t\t\t\t\t\t\t\t\t\t\t\t\t\t\t\t\t\t\t\t\t\t\t\t\t\t<div class=\"insignificant\">\u00a9 SHF \/ Foto: David von Becker<\/div>\n\t\t\t\t\t\t\t\t\t\t\t\t\t\t\t\t\t<\/div>\n\t\t\t\t\t\t\t<\/figcaption>\n\t\t\t\t\t\t\t<div class=\"lazy-media-info-head-border\"><\/div>\n\t\t\t\t\t\t<\/div>\n\t\t\t\t\t<\/div>\n\t\t\t\t<\/div>\n\t\t\t<\/div>\n\t\t\t\t\t\t\t\t\t<\/figure>\n\t<\/lazy-media-inline>\n\t\t\t\t<\/div>\n\t\t\t<\/div>\n\t\t\t\t\t\t<figure class=\"col-xs-10 col-md-6 quote-copy\">\n\t\t\t\t<div class=\"box\">\n\t\t\t\t\t<div class=\"container-fluid\">\n\t\t\t\t\t\t<div class=\"row\">\n\t\t\t\t\t\t\t<div class=\"col-xs-10 col-xs-offset-1 col-padding-remove\">\n\t\t\t\t\t\t\t\t<div class=\"box\">\n\t\t\t\t\t\t\t\t\t<span class=\"icon-zitat quote-copy-icon  \"><\/span>\n\t\t\t\t\t\t\t\t\t<blockquote class=\"quote-copy-headline Zitat\">Wir nutzen die W\u00e4rmeenergie in der Erde. Daf\u00fcr bohren wir 100 Meter tiefe L\u00f6cher f\u00fcr insgesamt 111 Sonden.<\/blockquote>\n\t\t\t\t\t\t\t\t\t<figcaption class=\"quote-copy-subline Copyright\"><\/figcaption>\n\t\t\t\t\t\t\t\t<\/div>\n\t\t\t\t\t\t\t<\/div>\n\t\t\t\t\t\t<\/div>\n\t\t\t\t\t<\/div>\n\t\t\t\t<\/div>\n\t\t\t<\/figure>\n\t\t<\/div>\n\t<\/div>\n<\/section>\n\n<section class=\"block block-copy\" >\n    <div class=\"container-fluid\">\n\t\t<div class=\"row \">\n            <div class=\"col-xs-12 col-md-offset-2 col-md-8\">\n                <div class=\"box\">\n                    <div class=\"copy\"><p>&nbsp;<\/p>\n<h6>Das Humboldt Forum erzeugt Energie?<\/h6>\n<p>Ja, und zwar mithilfe von Geothermie, wir nutzen also die W\u00e4rmeenergie in der Erde. Daf\u00fcr bohren wir 100 Meter tiefe L\u00f6cher f\u00fcr insgesamt 111 Sonden. Das sind u-f\u00f6rmige Rohre, in denen Wasser zirkuliert. Dort unten herrschen ziemlich konstant 12 \u00b0C. Im Sommer leiten wir die W\u00e4rme aus dem Geb\u00e4ude \u00fcber die Sonden in die Erde und speichern sie dort; im Winter holen wir sie wieder hoch und beheizen damit das Geb\u00e4ude.<\/p>\n<h6>Sie sagten, die K\u00fchlung spiele im Humboldt Forum eine besondere Rolle. Das ist ein energieintensiver Prozess.Wie senken Sie hier den Verbrauch?<\/h6>\n<p>Um die K\u00e4lteenergie m\u00f6glichst effizient zu nutzen, haben wir die K\u00e4ltenetze in zwei Bereiche geteilt: einer dient zum Entfeuchten und K\u00fchlen, der andere nur zum K\u00fchlen. In den Ausstellungsr\u00e4umen muss immer entfeuchtet und gek\u00fchlt werden. Diese Bereiche machen immerhin rund die H\u00e4lfte der mehr als 40.000 Quadratmeter aus. In anderen Bereichen, beispielsweise den Serverr\u00e4umen, reicht es hingegen zu k\u00fchlen. Es werden aber auch nicht alle Geb\u00e4udefl\u00e4chen gek\u00fchlt, gro\u00dfe Bereiche werden auch nur bel\u00fcftet und beheizt. Dadurch sparen wir insgesamt viel Energie.<\/p>\n<h6>Und wie ist das beim Thema L\u00fcftung?<\/h6>\n<p>Hier greifen wir auf eine alte, aber heute leider immer seltener genutzte Methode zur\u00fcck: Wir nutzen einen Teil der Abluft als Zuluft. Nachts, wenn kein Licht brennt und keine Besucher da sind, wird die Luft einfach umgew\u00e4lzt, also keine Frischluft zugef\u00fchrt. Das geschieht erst tags\u00fcber, wenn viele Besucher in den R\u00e4umen sind. Dann leiten wir frische, aufbereitete und aufgew\u00e4rmte Au\u00dfenluft ins Innere. Ein CO2-Sensor misst automatisch die Zusammensetzung der Luft und reguliert die Zufuhr.<\/p>\n<\/div>\n                <\/div>\n            <\/div>\n\t\t<\/div>\n\t\t    <\/div>\n<\/section>\n\n<section class=\"block block-header\" >\n\t<block-header inline-template>\n\t\t<figure role=\"group\" aria-labelledby=\"desc_m_69ee306169b35\">\n\n\t\t\t<script type=\"application\/json\" ref=\"data\">\n\t\t\t\t{\n\t\t\t\t\"sizes_d\" : {\"medium\":{\"file\":\"HF_eb00094565-scaled-300x200.jpg\",\"width\":300,\"height\":200,\"mime-type\":\"image\\\/jpeg\"},\"large\":{\"file\":\"HF_eb00094565-scaled-1024x683.jpg\",\"width\":1024,\"height\":683,\"mime-type\":\"image\\\/jpeg\"},\"thumbnail\":{\"file\":\"HF_eb00094565-scaled-150x150.jpg\",\"width\":150,\"height\":150,\"mime-type\":\"image\\\/jpeg\"},\"medium_large\":{\"file\":\"HF_eb00094565-scaled-768x512.jpg\",\"width\":768,\"height\":512,\"mime-type\":\"image\\\/jpeg\"},\"small\":{\"file\":\"HF_eb00094565-scaled-440x293.jpg\",\"width\":440,\"height\":293,\"mime-type\":\"image\\\/jpeg\"},\"semi\":{\"file\":\"HF_eb00094565-scaled-580x387.jpg\",\"width\":580,\"height\":387,\"mime-type\":\"image\\\/jpeg\"},\"mobile\":{\"file\":\"HF_eb00094565-scaled-720x480.jpg\",\"width\":720,\"height\":480,\"mime-type\":\"image\\\/jpeg\"},\"hd\":{\"file\":\"HF_eb00094565-scaled-1280x854.jpg\",\"width\":1280,\"height\":854,\"mime-type\":\"image\\\/jpeg\"},\"full\":{\"file\":\"HF_eb00094565-scaled-1920x1280.jpg\",\"width\":1920,\"height\":1280,\"mime-type\":\"image\\\/jpeg\"},\"1536x1536\":{\"file\":\"HF_eb00094565-scaled-1536x1024.jpg\",\"width\":1536,\"height\":1024,\"mime-type\":\"image\\\/jpeg\"},\"2048x2048\":{\"file\":\"HF_eb00094565-scaled-2048x1366.jpg\",\"width\":2048,\"height\":1366,\"mime-type\":\"image\\\/jpeg\"},\"original\":{\"file\":\"HF_eb00094565-scaled.jpg\",\"width\":2560,\"height\":1707}},\n\t\t\t\t\"alt_d\" : \"Industriehalle mit Rohren, Beleuchtung und Metallteilen entlang eines Gangbereichs.\",\n\t\t\t\t\"path_d\" : \"\\\/wp-content\\\/uploads\\\/2018\\\/04\\\/\",\n\t\t\t\t\"autoplay_d\" : null,\n\t\t\t\t\"crop_d\" : null,\n\t\t\t\t\"background_d\" : true,\n\t\t\t\t\"scale_d\" : 1,\n\n\t\t\t\t\"sizes_m\" : [],\n\t\t\t\t\"alt_m\" : null,\n\t\t\t\t\"path_m\" : null,\n\t\t\t\t\"autoplay_m\" : null,\n\t\t\t\t\"crop_m\" : null,\n\t\t\t\t\"background_m\" : true,\n\t\t\t\t\"scale_m\" : 1,\n\n\t\t\t\t\"has_mobile_format\" : false,\n\t\t\t\t\"has_ad\" : false,\n\t\t\t\t\"audio_description_yt\" : null\t\t\t\t}\n\t\t\t<\/script>\n\t\t\t<div class=\"height-container\" style=\"padding-bottom:66.6796875%;\" v-if=\"sizes\" data-motion-parallax='{\"child\":\".image-wrapper\",\"mask\":\".lazy-media\",\"tween\":{\"yPercent\": [-15,15]}}'>\n\t\t\t\t<lazy-media :inline=\"true\" :scale=\"scale\" :alt=\"alt\" :sizes=\"sizes\" :brightness=\"brightness\" :path=\"path\" :video=\"video\" :autoplay=\"autoplay\" :youtube=\"youtube\" :crop=\"crop\" :youtubelabel=\"youtubelabel\" :background=\"background\" media-id=\"desc_m_69ee306169b35\"><\/lazy-media>\n\t\t\t\t<button class=\"autoplay-audio-description-btn icon-background icon-audio-describtions\" @click=\"audioDescriptionPlay\" v-if=\"hasAudioDescription\" aria-label=\"Audiodeskription aufrufen\"><\/button>\n\t\t\t<\/div>\n\t\t\t\t\t\t<div class=\"lazy-media-info-container-fluid\">\n\t\t\t\t<div class=\"lazy-media-info-row end-xs\">\n\t\t\t\t\t<div class=\"lazy-media-info-col\">\n\t\t\t\t\t\t<div class=\"lazy-media-info\" aria-expanded=\"false\" :aria-expanded=\"isOpen ? 'true' : 'false'\">\n\t\t\t\t\t\t\t<button class=\"lazy-media-info-head button-tiny insignificant\" :class=\"{'button-active': isOpen}\" @click=\"toggle\" ref=\"head\"><span class=\"button-label insignificant\">Bildinfo<\/span><\/button>\n\t\t\t\t\t\t\t<figcaption class=\"lazy-media-info-body\" ref=\"body\" id=\"desc_m_69ee306169b35\">\n\t\t\t\t\t\t\t\t<div class=\"lazy-media-info-body-content\">\n\t\t\t\t\t\t\t\t\t<div>Klimaanlagen f&uuml;r die Ausstellungsfl&auml;chen im 2. und 3. OG, Februar 2018\n<\/div>\t\t\t\t\t\t\t\t\t\t\t\t\t\t\t\t\t\t<div class=\"insignificant\">\u00a9 SHF \/ Foto: David von Becker<\/div>\t\t\t\t\t\t\t\t<\/div>\n\t\t\t\t\t\t\t<\/figcaption>\n\t\t\t\t\t\t\t<div class=\"lazy-media-info-head-border\"><\/div>\n\t\t\t\t\t\t<\/div>\n\t\t\t\t\t<\/div>\n\t\t\t\t<\/div>\n\t\t\t<\/div>\n\t\t\t\t\t<\/figure>\n\t<\/block-header>\n<\/section>\n\n<section class=\"block block-copy block-no-margin\" >\n    <div class=\"container-fluid\">\n\t\t<div class=\"row \">\n            <div class=\"col-xs-12 col-md-offset-2 col-md-8\">\n                <div class=\"box\">\n                    <div class=\"copy\"><h6>Warum werden au\u00dfer Erdw\u00e4rme keine anderen erneuerbaren Energien genutzt, beispielsweise Photovoltaik?<\/h6>\n<p>Zum einen verzichten wir aus gestalterischen Gr\u00fcnden auf Solarzellen auf dem Dach. Zum anderem hat das aber auch energietechnische Gr\u00fcnde: Das Humboldt Forum hat einen Strombedarf von etwa 4.000 Kilowatt. Solarenergie k\u00f6nnte optimistisch gerechnet 200 Kilowatt dazu beitragen. Wir m\u00fcssen die Energieversorgung jederzeit sicherstellen und deshalb jeden Monat eine garantierte Strommenge einkaufen. Der relativ geringe und zudem schwankende Anteil Sonnenstrom w\u00fcrde daran nichts \u00e4ndern.<\/p>\n<h6 class=\"_3ycPYXzeZR _1tqB__nJIV\">Was macht das Humboldt Forum noch nachhaltig?<\/h6>\n<p>Ein wichtiger Aspekt, gerade f\u00fcr die Spree-nahe Innenstadt, ist unser Umgang mit Regenwasser. Wir haben ja im letzten Sommer erlebt, wie extrem Stra\u00dfen und Unterf\u00fchrungen bei Starkregen \u00fcberflutet sind, wie U-Bahn-Treppen zu Wasserf\u00e4llen werden. Die Berliner Kanalisation kann diese Wassermassen nicht mehr fassen. Problematisch ist das auch deshalb, weil wir hier eine Mischkanalisation haben, in der Regen und Abwasser zusammen aufgefangen werden. L\u00e4uft sie \u00fcber, flie\u00dft das Wasser in die Spree und andere Fl\u00fcsse und Seen ab. Bei Regenwasser ist das nicht so dramatisch, bei verunreinigtem Abwasser aus den Toiletten aber sehr wohl. Deshalb fangen wir das Regenwasser auf und leiten es direkt in die Spree statt in die Kanalisation. Das Grundst\u00fcck des Humboldt Forum umfasst eine Fl\u00e4che von circa 40.000 Quadrat metern, da kommen einige Millionen Liter Regenwasser zusammen, um die die Kanalisation so entlastet wird.<\/p>\n<p><em>Interview: Kristina Simons<\/em><\/p>\n<\/div>\n                <\/div>\n            <\/div>\n\t\t<\/div>\n\t\t    <\/div>\n<\/section>","protected":false},"excerpt":{"rendered":"<p>K\u00fchlen, Heizen, L\u00fcften, die richtige Luftfeuchtigkeit: Museumsobjekte ben\u00f6tigen ein passgenaues Raumklima. Der Energiebedarf des Humboldt Forums ist enorm. Thomas Herrmann, Leiter Facility Management bei der Stiftung Humboldt Forum im Berliner Schloss, erkl\u00e4rt, wie es dennoch nachhaltig geht. <\/p>\n","protected":false},"featured_media":3393,"template":"","magazine-topic":[],"magazine-format":[5],"magazine-author":[135],"class_list":["post-2319","magazine-article","type-magazine-article","status-publish","has-post-thumbnail","hentry","magazine-format-interview","magazine-author-thomas-herrmann"],"acf":[],"_links":{"self":[{"href":"https:\/\/www.humboldtforum.org\/de\/wp-json\/wp\/v2\/magazine-article\/2319","targetHints":{"allow":["GET"]}}],"collection":[{"href":"https:\/\/www.humboldtforum.org\/de\/wp-json\/wp\/v2\/magazine-article"}],"about":[{"href":"https:\/\/www.humboldtforum.org\/de\/wp-json\/wp\/v2\/types\/magazine-article"}],"version-history":[{"count":0,"href":"https:\/\/www.humboldtforum.org\/de\/wp-json\/wp\/v2\/magazine-article\/2319\/revisions"}],"wp:featuredmedia":[{"embeddable":true,"href":"https:\/\/www.humboldtforum.org\/de\/wp-json\/wp\/v2\/media\/3393"}],"wp:attachment":[{"href":"https:\/\/www.humboldtforum.org\/de\/wp-json\/wp\/v2\/media?parent=2319"}],"wp:term":[{"taxonomy":"magazine-topic","embeddable":true,"href":"https:\/\/www.humboldtforum.org\/de\/wp-json\/wp\/v2\/magazine-topic?post=2319"},{"taxonomy":"magazine-format","embeddable":true,"href":"https:\/\/www.humboldtforum.org\/de\/wp-json\/wp\/v2\/magazine-format?post=2319"},{"taxonomy":"magazine-author","embeddable":true,"href":"https:\/\/www.humboldtforum.org\/de\/wp-json\/wp\/v2\/magazine-author?post=2319"}],"curies":[{"name":"wp","href":"https:\/\/api.w.org\/{rel}","templated":true}]}}