{"id":542,"date":"2017-05-29T10:45:00","date_gmt":"2017-05-29T08:45:00","guid":{"rendered":"https:\/\/www.humboldtforum.org\/?post_type=magazine-article&#038;p=542"},"modified":"2020-05-25T15:20:49","modified_gmt":"2020-05-25T13:20:49","slug":"im-zweifel-fuer-das-kreuz","status":"publish","type":"magazine-article","link":"https:\/\/www.humboldtforum.org\/de\/magazin\/artikel\/im-zweifel-fuer-das-kreuz\/","title":{"rendered":"Im Zweifel f\u00fcr das Kreuz"},"content":{"rendered":"\n<section class=\"block block-copy-quote\">\n\t<div class=\"container-fluid\">\n\t\t<div class=\"row center-xs\">\n\t\t\t\t\t\t<figure class=\"col-xs-10 col-md-6 quote-copy\">\n\t\t\t\t<div class=\"box\">\n\t\t\t\t\t<div class=\"container-fluid\">\n\t\t\t\t\t\t<div class=\"row\">\n\t\t\t\t\t\t\t<div class=\"col-xs-10 col-xs-offset-1 col-padding-remove\">\n\t\t\t\t\t\t\t\t<div class=\"box\">\n\t\t\t\t\t\t\t\t\t<span class=\"icon-zitat quote-copy-icon  no-image\"><\/span>\n\t\t\t\t\t\t\t\t\t<blockquote class=\"quote-copy-headline Zitat\">Die Macht des Bildes liegt in seiner Unmittelbarkeit, und hier liegt auch seine Gefahr.<\/blockquote>\n\t\t\t\t\t\t\t\t\t<figcaption class=\"quote-copy-subline Copyright\">Gis\u00e8le Freund<\/figcaption>\n\t\t\t\t\t\t\t\t<\/div>\n\t\t\t\t\t\t\t<\/div>\n\t\t\t\t\t\t<\/div>\n\t\t\t\t\t<\/div>\n\t\t\t\t<\/div>\n\t\t\t<\/figure>\n\t\t<\/div>\n\t<\/div>\n<\/section>\n\n\n\n<section class=\"block block-copy\" >\n    <div class=\"container-fluid\">\n\t\t<div class=\"row \">\n            <div class=\"col-xs-12 col-md-offset-2 col-md-8\">\n                <div class=\"box\">\n                    <div class=\"copy\"><p>Dieser Gedanke von Gis\u00e8le Freund bewahrheitet sich angesichts der Debatte um die Rekonstruktion von Kuppel und Kreuz auf dem Dach des neuen Geb\u00e4udes in der Kubatur des Berliner Schlosses. Dieser Neubau im historischen Gewand versteht sich als Humboldt Forum, als ein Prisma der Weltkulturgeschichte, als Forum der kulturellen Vielfalt, der Multiperspektivit\u00e4t, der Wissenschaft und der gesellschaftlichen Debatte, als ein B\u00fcrgerhaus, das seine T\u00fcren allen \u00f6ffnet, welche die globale Welt des 21. Jahrhunderts in ihren gro\u00dfen Zusammenh\u00e4ngen entdecken und verstehen wollen.<\/p>\n<p>Der Bundestag traf Juli 2002 zwei wegweisende Entscheidungen: das Berliner Schloss mit drei seiner barocken Fassaden wiederzuerrichten und in diesem Neubau mit den beteiligten Institutionen der Staatlichen Museen zu Berlin, des Landes Berlin und der Humboldt-Universit\u00e4t das Humboldt Forum zu gr\u00fcnden. Es sollte sich nicht nur als Museum verstehen, sondern im Sinne des Forums auch als weltoffenes B\u00fcrgerhaus f\u00fcr jedermann.<\/p>\n<\/div>\n                <\/div>\n            <\/div>\n\t\t<\/div>\n\t\t    <\/div>\n<\/section>\n\n<section class=\"block block-standard-two-images \">\n\t<div class=\"container-fluid\">\n\t\t<div class=\"row\">\n\t\t\t<div class=\"col-xs-12 col-md-4\">\n\t\t\t\t<div class=\"box first-image\" data-motion-parallax='{\"child\":\".image-wrapper\",\"mask\":\".lazy-media\",\"tween\":{\"yPercent\": [-20,20]}}'>\n\t\t\t\t\t\n\t<lazy-media-inline inline-template>\n\t\t<figure itemscope itemtype=\"http:\/\/schema.org\/ImageObject\" class=\"lazy-media-inline \" role=\"group\" id=\"media_69eec3b7d9233\" aria-labelledby=\"desc_media_69eec3b7d9233\">\n\t\t\t<script type=\"application\/json\" ref=\"data\">\n\t\t\t\t{\n\t\t\t\t\"sizes\" : {\"medium\":{\"file\":\"HF_eb00054971-scaled-e1586439047713-300x274.jpg\",\"width\":300,\"height\":274,\"mime-type\":\"image\\\/jpeg\"},\"large\":{\"file\":\"HF_eb00054971-scaled-e1586439047713-1024x935.jpg\",\"width\":1024,\"height\":935,\"mime-type\":\"image\\\/jpeg\"},\"thumbnail\":{\"file\":\"HF_eb00054971-scaled-e1586439047713-150x150.jpg\",\"width\":150,\"height\":150,\"mime-type\":\"image\\\/jpeg\"},\"medium_large\":{\"file\":\"HF_eb00054971-scaled-e1586439047713-768x701.jpg\",\"width\":768,\"height\":701,\"mime-type\":\"image\\\/jpeg\"},\"small\":{\"file\":\"HF_eb00054971-scaled-e1586439047713-440x402.jpg\",\"width\":440,\"height\":402,\"mime-type\":\"image\\\/jpeg\"},\"semi\":{\"file\":\"HF_eb00054971-scaled-e1586439047713-580x530.jpg\",\"width\":580,\"height\":530,\"mime-type\":\"image\\\/jpeg\"},\"mobile\":{\"file\":\"HF_eb00054971-scaled-e1586439047713-720x657.jpg\",\"width\":720,\"height\":657,\"mime-type\":\"image\\\/jpeg\"},\"hd\":{\"file\":\"HF_eb00054971-scaled-e1586439047713-1280x1169.jpg\",\"width\":1280,\"height\":1169,\"mime-type\":\"image\\\/jpeg\"},\"1536x1536\":{\"file\":\"HF_eb00054971-scaled-e1586439047713-1536x1402.jpg\",\"width\":1536,\"height\":1402,\"mime-type\":\"image\\\/jpeg\"},\"original\":{\"file\":\"HF_eb00054971-scaled-e1586439047713.jpg\",\"width\":1702,\"height\":1554}},\n\t\t\t\t\"alt\" : \"Aufeinandertreffen von modern und barock rekonstruierten Fassadenteilen\",\n\t\t\t\t\"path\" : \"\\\/wp-content\\\/uploads\\\/2017\\\/06\\\/\",\n\t\t\t\t\"video\" : null,\n\t\t\t\t\"autoplay\" : null,\n\t\t\t\t\"youtube\" : null,\n\t\t\t\t\"youtubelabel\" : \"Video abspielen\",\n\t\t\t\t\"brightness\" : 100,\n\t\t\t\t\"crop\" : {\"top\":\"37.68\",\"left\":\"40.97\"},\n\t\t\t\t\"background\" : true,\n\t\t\t\t\"scale\" : 2\t\t\t\t}\n\t\t\t<\/script>\n\n\t\t\t<div class=\"height-container\" style=\"padding-bottom:91.304347826087%;\" v-if=\"sizes\">\n\t\t\t\t\t\t\t\t<lazy-media :inline=\"true\" :alt=\"alt\" :sizes=\"sizes\" :scale=\"scale\" :brightness=\"brightness\" :path=\"path\" :video=\"video\" :autoplay=\"autoplay\" :youtube=\"youtube\" :crop=\"crop\" :youtubelabel=\"youtubelabel\" :background=\"background\" media-id=\"desc_media_69eec3b7d9233\"><\/lazy-media>\n\t\t\t\t\t\t\t<\/div>\n\n\t\t\t\t\t\t\t<div class=\"lazy-media-info-container-fluid\">\n\t\t\t\t<div class=\"lazy-media-info-row end-xs\">\n\t\t\t\t\t<div class=\"lazy-media-info-col\">\n\t\t\t\t\t\t<div class=\"lazy-media-info\" aria-expanded=\"false\" :aria-expanded=\"isOpen ? 'true' : 'false'\">\n\t\t\t\t\t\t\t<button class=\"lazy-media-info-head button-tiny\" :class=\"{'button-active': isOpen}\" @click=\"toggle\" ref=\"head\"><span class=\"button-label insignificant\">Bildinfo<\/span><\/button>\n\t\t\t\t\t\t\t<figcaption class=\"lazy-media-info-body\" ref=\"body\" id=\"desc_media_69eec3b7d9233\">\n\t\t\t\t\t\t\t\t<div class=\"lazy-media-info-body-content\">\n\t\t\t\t\t\t\t\t\t\t\t\t\t\t\t\t\t\t\t<div>Blick auf die Ostfassade und das Eckrondell im Mai 2019<\/div>\n\t\t\t\t\t\t\t\t\t\t\t\t\t\t\t\t\t\t\t\t\t\t\t\t\t\t\t\t\t\t\t\t\t\t\t\t\t<div class=\"insignificant\">\u00a9 SHF \/ Foto: Stephan Falk<\/div>\n\t\t\t\t\t\t\t\t\t\t\t\t\t\t\t\t\t<\/div>\n\t\t\t\t\t\t\t<\/figcaption>\n\t\t\t\t\t\t\t<div class=\"lazy-media-info-head-border\"><\/div>\n\t\t\t\t\t\t<\/div>\n\t\t\t\t\t<\/div>\n\t\t\t\t<\/div>\n\t\t\t<\/div>\n\t\t\t\t\t\t\t\t\t<\/figure>\n\t<\/lazy-media-inline>\n\t\t\t\t<\/div>\n\t\t\t\t<div class=\"copy\">\n\t\t\t\t\t<p class=\"Moderation\"><\/p>\n\t\t\t\t<\/div>\n\t\t\t<\/div>\n\t\t\t<div class=\"col-xs-12 col-md-8 second-image\" data-motion-parallax='{\"child\":\".image-wrapper\",\"mask\":\".lazy-media\",\"tween\":{\"yPercent\": [-15,15]}}'>\n\t\t\t\t\n\t<lazy-media-inline inline-template>\n\t\t<figure itemscope itemtype=\"http:\/\/schema.org\/ImageObject\" class=\"lazy-media-inline \" role=\"group\" id=\"media_69eec3b7d9454\" aria-labelledby=\"desc_media_69eec3b7d9454\">\n\t\t\t<script type=\"application\/json\" ref=\"data\">\n\t\t\t\t{\n\t\t\t\t\"sizes\" : {\"medium\":{\"file\":\"HF_eb00062734-scaled-300x199.jpg\",\"width\":300,\"height\":199,\"mime-type\":\"image\\\/jpeg\"},\"large\":{\"file\":\"HF_eb00062734-scaled-1024x678.jpg\",\"width\":1024,\"height\":678,\"mime-type\":\"image\\\/jpeg\"},\"thumbnail\":{\"file\":\"HF_eb00062734-scaled-150x150.jpg\",\"width\":150,\"height\":150,\"mime-type\":\"image\\\/jpeg\"},\"medium_large\":{\"file\":\"HF_eb00062734-scaled-768x509.jpg\",\"width\":768,\"height\":509,\"mime-type\":\"image\\\/jpeg\"},\"small\":{\"file\":\"HF_eb00062734-scaled-440x292.jpg\",\"width\":440,\"height\":292,\"mime-type\":\"image\\\/jpeg\"},\"semi\":{\"file\":\"HF_eb00062734-scaled-580x384.jpg\",\"width\":580,\"height\":384,\"mime-type\":\"image\\\/jpeg\"},\"mobile\":{\"file\":\"HF_eb00062734-scaled-720x477.jpg\",\"width\":720,\"height\":477,\"mime-type\":\"image\\\/jpeg\"},\"hd\":{\"file\":\"HF_eb00062734-scaled-1280x848.jpg\",\"width\":1280,\"height\":848,\"mime-type\":\"image\\\/jpeg\"},\"full\":{\"file\":\"HF_eb00062734-scaled-1920x1272.jpg\",\"width\":1920,\"height\":1272,\"mime-type\":\"image\\\/jpeg\"},\"1536x1536\":{\"file\":\"HF_eb00062734-scaled-1536x1018.jpg\",\"width\":1536,\"height\":1018,\"mime-type\":\"image\\\/jpeg\"},\"2048x2048\":{\"file\":\"HF_eb00062734-scaled-2048x1357.jpg\",\"width\":2048,\"height\":1357,\"mime-type\":\"image\\\/jpeg\"},\"original\":{\"file\":\"HF_eb00062734-scaled.jpg\",\"width\":2560,\"height\":1696}},\n\t\t\t\t\"alt\" : \"Blick ins belebte Foyer im September 2019\",\n\t\t\t\t\"path\" : \"\\\/wp-content\\\/uploads\\\/2017\\\/06\\\/\",\n\t\t\t\t\"video\" : null,\n\t\t\t\t\"autoplay\" : null,\n\t\t\t\t\"youtube\" : null,\n\t\t\t\t\"youtubelabel\" : \"Video abspielen\",\n\t\t\t\t\"brightness\" : 100,\n\t\t\t\t\"crop\" : {\"top\":\"50.00\",\"left\":\"50.00\"},\n\t\t\t\t\"background\" : true,\n\t\t\t\t\"scale\" : 2\t\t\t\t}\n\t\t\t<\/script>\n\n\t\t\t<div class=\"height-container\" style=\"padding-bottom:66.25%;\" v-if=\"sizes\">\n\t\t\t\t\t\t\t\t<lazy-media :inline=\"true\" :alt=\"alt\" :sizes=\"sizes\" :scale=\"scale\" :brightness=\"brightness\" :path=\"path\" :video=\"video\" :autoplay=\"autoplay\" :youtube=\"youtube\" :crop=\"crop\" :youtubelabel=\"youtubelabel\" :background=\"background\" media-id=\"desc_media_69eec3b7d9454\"><\/lazy-media>\n\t\t\t\t\t\t\t<\/div>\n\n\t\t\t\t\t\t\t<div class=\"lazy-media-info-container-fluid\">\n\t\t\t\t<div class=\"lazy-media-info-row end-xs\">\n\t\t\t\t\t<div class=\"lazy-media-info-col\">\n\t\t\t\t\t\t<div class=\"lazy-media-info\" aria-expanded=\"false\" :aria-expanded=\"isOpen ? 'true' : 'false'\">\n\t\t\t\t\t\t\t<button class=\"lazy-media-info-head button-tiny\" :class=\"{'button-active': isOpen}\" @click=\"toggle\" ref=\"head\"><span class=\"button-label insignificant\">Bildinfo<\/span><\/button>\n\t\t\t\t\t\t\t<figcaption class=\"lazy-media-info-body\" ref=\"body\" id=\"desc_media_69eec3b7d9454\">\n\t\t\t\t\t\t\t\t<div class=\"lazy-media-info-body-content\">\n\t\t\t\t\t\t\t\t\t\t\t\t\t\t\t\t\t\t\t<div>Veranstaltung anl&auml;sslich des 250. Geburtstags von Alexander von Humboldt im September 2019<\/div>\n\t\t\t\t\t\t\t\t\t\t\t\t\t\t\t\t\t\t\t\t\t\t\t\t\t\t\t\t\t\t\t\t\t\t\t\t\t<div class=\"insignificant\">\u00a9 SHF \/ Foto: David von Becker<\/div>\n\t\t\t\t\t\t\t\t\t\t\t\t\t\t\t\t\t<\/div>\n\t\t\t\t\t\t\t<\/figcaption>\n\t\t\t\t\t\t\t<div class=\"lazy-media-info-head-border\"><\/div>\n\t\t\t\t\t\t<\/div>\n\t\t\t\t\t<\/div>\n\t\t\t\t<\/div>\n\t\t\t<\/div>\n\t\t\t\t\t\t\t\t\t<\/figure>\n\t<\/lazy-media-inline>\n\t\t\t<\/div>\n\t\t<\/div>\n\t<\/div>\n<\/section>\n\n<section class=\"block block-copy\" >\n    <div class=\"container-fluid\">\n\t\t<div class=\"row \">\n            <div class=\"col-xs-12 col-md-offset-2 col-md-8\">\n                <div class=\"box\">\n                    <div class=\"copy\"><p>Es war die Entscheidung der Jury des Architektenwettbewerbs von 2007\/08, die einstimmig f\u00fcr den Entwurf Franco Stellas entschied. Dieser sah bereits die Wiedererrichtung von Kuppel und Kreuz vor. Der Haushaltsausschuss des Deutschen Bundestages gab am 29. Juni 2011 seine Zustimmung f\u00fcr die Bereitstellung des Budgets, um diese Planungen umsetzen zu k\u00f6nnen. Mit unserer Berufung im Mai 2015 sind wir beauftragt, auf dieser Grundlage die inhaltliche Ausrichtung des Hauses gemeinsam mit den Akteuren voranzubringen. Es fragt sich also, wie mit diesem Geb\u00e4ude umzugehen ist, das die unbequeme Geschichte genauso in sich tr\u00e4gt.<\/p>\n<\/div>\n                <\/div>\n            <\/div>\n\t\t<\/div>\n\t\t    <\/div>\n<\/section>\n\n<section class=\"block block-headline block-no-margin  hyph-disable\" >\n\t<div class=\"container-fluid\">\n\t\t<div class=\"row\">\n\t\t\t\t\t\t\t<div class=\"col-xs-12 col-md-offset-2 col-md-8\">\n\t\t\t\t\t<div class=\"box\">\n\t\t\t\t\t\t<h2 class=\".h3\">Symbolik von Kuppel und Kreuz<\/h2>\n\t\t\t\t\t<\/div>\n\t\t\t\t<\/div>\n\t\t\t\t\t<\/div>\n\t<\/div>\n<\/section>\n\n\n\n\n<section class=\"block block-copy block-no-margin\" >\n    <div class=\"container-fluid\">\n\t\t<div class=\"row \">\n            <div class=\"col-xs-12 col-md-offset-2 col-md-8\">\n                <div class=\"box\">\n                    <div class=\"copy\"><p>Der Entwurf von Kuppel und Kreuz ist nicht nur ein architektonisches Meisterwerk, wie es vielleicht nur Friedrich August St\u00fcler hat leisten k\u00f6nnen. Die Zeit der Ausf\u00fchrung von Kuppel und Kreuz wird \u00fcberschattet von der blutigen Niederschlagung des Barrikadenaufstands 1848 mit mehr als 270 Toten auf dem Berliner Schlossplatz, den sogenannten M\u00e4rzgefallenen. Insofern sind Kuppel und Kreuz eine starke Botschaft des Gottesgnadentums Friedrich Wilhelms IV., ein Wahrzeichen des B\u00fcndnisses von Hohenzollernmacht und Kirche wie des Sieges der Reaktion. Das Kuppelkreuz ist zweifelsohne mehr als nur bauhistorisch relevant f\u00fcr die Schlossrekonstruktion, und es ist mehr als ein Hauptsinnzeichen des Christentums.<\/p>\n<\/div>\n                <\/div>\n            <\/div>\n\t\t<\/div>\n\t\t    <\/div>\n<\/section>\n\n<section class=\"block block-header\" >\n\t<block-header inline-template>\n\t\t<figure role=\"group\" aria-labelledby=\"desc_m_69eec3b7dbe6b\">\n\n\t\t\t<script type=\"application\/json\" ref=\"data\">\n\t\t\t\t{\n\t\t\t\t\"sizes_d\" : {\"medium\":{\"file\":\"HF_eb00004668-scaled-300x163.jpg\",\"width\":300,\"height\":163,\"mime-type\":\"image\\\/jpeg\"},\"large\":{\"file\":\"HF_eb00004668-scaled-1024x556.jpg\",\"width\":1024,\"height\":556,\"mime-type\":\"image\\\/jpeg\"},\"thumbnail\":{\"file\":\"HF_eb00004668-scaled-150x150.jpg\",\"width\":150,\"height\":150,\"mime-type\":\"image\\\/jpeg\"},\"medium_large\":{\"file\":\"HF_eb00004668-scaled-768x417.jpg\",\"width\":768,\"height\":417,\"mime-type\":\"image\\\/jpeg\"},\"small\":{\"file\":\"HF_eb00004668-scaled-440x239.jpg\",\"width\":440,\"height\":239,\"mime-type\":\"image\\\/jpeg\"},\"semi\":{\"file\":\"HF_eb00004668-scaled-580x315.jpg\",\"width\":580,\"height\":315,\"mime-type\":\"image\\\/jpeg\"},\"mobile\":{\"file\":\"HF_eb00004668-scaled-720x391.jpg\",\"width\":720,\"height\":391,\"mime-type\":\"image\\\/jpeg\"},\"hd\":{\"file\":\"HF_eb00004668-scaled-1280x695.jpg\",\"width\":1280,\"height\":695,\"mime-type\":\"image\\\/jpeg\"},\"full\":{\"file\":\"HF_eb00004668-scaled-1920x1042.jpg\",\"width\":1920,\"height\":1042,\"mime-type\":\"image\\\/jpeg\"},\"1536x1536\":{\"file\":\"HF_eb00004668-scaled-1536x833.jpg\",\"width\":1536,\"height\":833,\"mime-type\":\"image\\\/jpeg\"},\"2048x2048\":{\"file\":\"HF_eb00004668-scaled-2048x1111.jpg\",\"width\":2048,\"height\":1111,\"mime-type\":\"image\\\/jpeg\"},\"original\":{\"file\":\"HF_eb00004668-scaled.jpg\",\"width\":2560,\"height\":1389}},\n\t\t\t\t\"alt_d\" : \"Schnitt und Ansicht Fassade Foyer, mit Hofportal 3 und Kuppel von Architekt Franco Stella\",\n\t\t\t\t\"path_d\" : \"\\\/wp-content\\\/uploads\\\/2020\\\/03\\\/\",\n\t\t\t\t\"autoplay_d\" : null,\n\t\t\t\t\"crop_d\" : {\"top\":\"10.77\",\"left\":\"50.47\"},\n\t\t\t\t\"background_d\" : true,\n\t\t\t\t\"scale_d\" : 2,\n\n\t\t\t\t\"sizes_m\" : [],\n\t\t\t\t\"alt_m\" : null,\n\t\t\t\t\"path_m\" : null,\n\t\t\t\t\"autoplay_m\" : null,\n\t\t\t\t\"crop_m\" : null,\n\t\t\t\t\"background_m\" : true,\n\t\t\t\t\"scale_m\" : 1,\n\n\t\t\t\t\"has_mobile_format\" : null,\n\t\t\t\t\"has_ad\" : null,\n\t\t\t\t\"audio_description_yt\" : null\t\t\t\t}\n\t\t\t<\/script>\n\t\t\t<div class=\"height-container\" style=\"padding-bottom:54.2578125%;\" v-if=\"sizes\" data-motion-parallax='{\"child\":\".image-wrapper\",\"mask\":\".lazy-media\",\"tween\":{\"yPercent\": [-15,15]}}'>\n\t\t\t\t<lazy-media :inline=\"true\" :scale=\"scale\" :alt=\"alt\" :sizes=\"sizes\" :brightness=\"brightness\" :path=\"path\" :video=\"video\" :autoplay=\"autoplay\" :youtube=\"youtube\" :crop=\"crop\" :youtubelabel=\"youtubelabel\" :background=\"background\" media-id=\"desc_m_69eec3b7dbe6b\"><\/lazy-media>\n\t\t\t\t<button class=\"autoplay-audio-description-btn icon-background icon-audio-describtions\" @click=\"audioDescriptionPlay\" v-if=\"hasAudioDescription\" aria-label=\"Audiodeskription aufrufen\"><\/button>\n\t\t\t<\/div>\n\t\t\t\t\t\t<div class=\"lazy-media-info-container-fluid\">\n\t\t\t\t<div class=\"lazy-media-info-row end-xs\">\n\t\t\t\t\t<div class=\"lazy-media-info-col\">\n\t\t\t\t\t\t<div class=\"lazy-media-info\" aria-expanded=\"false\" :aria-expanded=\"isOpen ? 'true' : 'false'\">\n\t\t\t\t\t\t\t<button class=\"lazy-media-info-head button-tiny insignificant\" :class=\"{'button-active': isOpen}\" @click=\"toggle\" ref=\"head\"><span class=\"button-label insignificant\">Bildinfo<\/span><\/button>\n\t\t\t\t\t\t\t<figcaption class=\"lazy-media-info-body\" ref=\"body\" id=\"desc_m_69eec3b7dbe6b\">\n\t\t\t\t\t\t\t\t<div class=\"lazy-media-info-body-content\">\n\t\t\t\t\t\t\t\t\t<div>Schnitt und Ansicht Fassade Foyer, mit Hofportal 3 und Kuppel von Architekt Franco Stella<\/div>\t\t\t\t\t\t\t\t\t\t\t\t\t\t\t\t\t\t<div class=\"insignificant\">\u00a9 SHF \/ Architekt: Franco Stella mit FS HUF PG<\/div>\t\t\t\t\t\t\t\t<\/div>\n\t\t\t\t\t\t\t<\/figcaption>\n\t\t\t\t\t\t\t<div class=\"lazy-media-info-head-border\"><\/div>\n\t\t\t\t\t\t<\/div>\n\t\t\t\t\t<\/div>\n\t\t\t\t<\/div>\n\t\t\t<\/div>\n\t\t\t\t\t<\/figure>\n\t<\/block-header>\n<\/section>\n\n<section class=\"block block-headline block-no-margin  hyph-disable\" >\n\t<div class=\"container-fluid\">\n\t\t<div class=\"row\">\n\t\t\t\t\t\t\t<div class=\"col-xs-12 col-md-offset-2 col-md-8\">\n\t\t\t\t\t<div class=\"box\">\n\t\t\t\t\t\t<h2 class=\".h3\">Im Widerspruch liegt seine Kraft<\/h2>\n\t\t\t\t\t<\/div>\n\t\t\t\t<\/div>\n\t\t\t\t\t<\/div>\n\t<\/div>\n<\/section>\n\n\n\n\n<section class=\"block block-copy\" >\n    <div class=\"container-fluid\">\n\t\t<div class=\"row \">\n            <div class=\"col-xs-12 col-md-offset-2 col-md-8\">\n                <div class=\"box\">\n                    <div class=\"copy\"><div class=\"_3ycPYXzeZR _1tqB__nJIV\">\n<p>Jenseits dieser mit dem Kuppelkreuz einhergehenden Zweifel an seiner Daseinsberechtigung steht die grunds\u00e4tzliche Frage im Raum, ob man Kreuz und Weltkultur unter einen Hut bringen kann. Dass all diese Aspekte intensiv, teils auch erbittert diskutiert werden, ist Teil des Selbstverst\u00e4ndnisses des Humboldt Forums. Denn in diesem Widerspruch liegt seine Kraft. Von Anfang an hat die Inkonsistenz von Fassade und Inhalt die Dynamik des Hauses mitbestimmt \u2013 die Welt zu verstehen, ohne die Geschichte zu leugnen.<\/p>\n<p>Der Bau verweist auf die historischen Umst\u00e4nde, unter denen die Sammlungen entstanden sind, die den Nukleus der Berliner Museumslandschaft bildeten. Zugleich macht das neu interpretierte Schlossgeb\u00e4ude in seiner beeindruckenden Physis erfahrbar, wie immens die wirtschaftlichen und milit\u00e4rischen Anstrengungen gewesen sein m\u00fcssen, die jenes geistige Klima im neunzehnten Jahrhundert erm\u00f6glichten. Dem Schloss verdanken sich das Universit\u00e4tswesen und die reichen Museumssammlungen.<\/p>\n<\/div>\n<\/div>\n                <\/div>\n            <\/div>\n\t\t<\/div>\n\t\t    <\/div>\n<\/section>\n\n<section class=\"block block-standard-two-images reverse_order\">\n\t<div class=\"container-fluid\">\n\t\t<div class=\"row\">\n\t\t\t<div class=\"col-xs-12 col-md-4\">\n\t\t\t\t<div class=\"box first-image\" data-motion-parallax='{\"child\":\".image-wrapper\",\"mask\":\".lazy-media\",\"tween\":{\"yPercent\": [-20,20]}}'>\n\t\t\t\t\t\n\t<lazy-media-inline inline-template>\n\t\t<figure itemscope itemtype=\"http:\/\/schema.org\/ImageObject\" class=\"lazy-media-inline \" role=\"group\" id=\"media_69eec3b7df3ff\" aria-labelledby=\"desc_media_69eec3b7df3ff\">\n\t\t\t<script type=\"application\/json\" ref=\"data\">\n\t\t\t\t{\n\t\t\t\t\"sizes\" : {\"medium\":{\"file\":\"HF_eb00009820-scaled-300x212.jpg\",\"width\":300,\"height\":212,\"mime-type\":\"image\\\/jpeg\"},\"large\":{\"file\":\"HF_eb00009820-scaled-1024x725.jpg\",\"width\":1024,\"height\":725,\"mime-type\":\"image\\\/jpeg\"},\"thumbnail\":{\"file\":\"HF_eb00009820-scaled-150x150.jpg\",\"width\":150,\"height\":150,\"mime-type\":\"image\\\/jpeg\"},\"medium_large\":{\"file\":\"HF_eb00009820-scaled-768x544.jpg\",\"width\":768,\"height\":544,\"mime-type\":\"image\\\/jpeg\"},\"small\":{\"file\":\"HF_eb00009820-scaled-440x311.jpg\",\"width\":440,\"height\":311,\"mime-type\":\"image\\\/jpeg\"},\"semi\":{\"file\":\"HF_eb00009820-scaled-580x411.jpg\",\"width\":580,\"height\":411,\"mime-type\":\"image\\\/jpeg\"},\"mobile\":{\"file\":\"HF_eb00009820-scaled-720x510.jpg\",\"width\":720,\"height\":510,\"mime-type\":\"image\\\/jpeg\"},\"hd\":{\"file\":\"HF_eb00009820-scaled-1280x906.jpg\",\"width\":1280,\"height\":906,\"mime-type\":\"image\\\/jpeg\"},\"full\":{\"file\":\"HF_eb00009820-scaled-1920x1359.jpg\",\"width\":1920,\"height\":1359,\"mime-type\":\"image\\\/jpeg\"},\"1536x1536\":{\"file\":\"HF_eb00009820-scaled-1536x1087.jpg\",\"width\":1536,\"height\":1087,\"mime-type\":\"image\\\/jpeg\"},\"2048x2048\":{\"file\":\"HF_eb00009820-scaled-2048x1450.jpg\",\"width\":2048,\"height\":1450,\"mime-type\":\"image\\\/jpeg\"},\"original\":{\"file\":\"HF_eb00009820-scaled.jpg\",\"width\":2560,\"height\":1812}},\n\t\t\t\t\"alt\" : \"Schwarz-wei\\u00df Fotografie mit Blick in einen Raum des Berliner Stadtschlosses im Jahr 1925. Antike Kunstm\\u00f6bel dekorieren den Raum. Sechs Sch\\u00fcler, die gruppiert in einer Ecke des Raums stehen, zeichnen konzentriert. Ein Mann mit Hut steht hinter ihnen und schaut in dieselbe Richtung, zeichnet aber nicht.\",\n\t\t\t\t\"path\" : \"\\\/wp-content\\\/uploads\\\/2020\\\/04\\\/\",\n\t\t\t\t\"video\" : null,\n\t\t\t\t\"autoplay\" : null,\n\t\t\t\t\"youtube\" : null,\n\t\t\t\t\"youtubelabel\" : \"Video abspielen\",\n\t\t\t\t\"brightness\" : 100,\n\t\t\t\t\"crop\" : {\"top\":\"58.46\",\"left\":\"62.54\"},\n\t\t\t\t\"background\" : true,\n\t\t\t\t\"scale\" : 2\t\t\t\t}\n\t\t\t<\/script>\n\n\t\t\t<div class=\"height-container\" style=\"padding-bottom:70.78125%;\" v-if=\"sizes\">\n\t\t\t\t<zoom id=\"U69eec3b7df599\" type=\"2\">\t\t\t\t<lazy-media :inline=\"true\" :alt=\"alt\" :sizes=\"sizes\" :scale=\"scale\" :brightness=\"brightness\" :path=\"path\" :video=\"video\" :autoplay=\"autoplay\" :youtube=\"youtube\" :crop=\"crop\" :youtubelabel=\"youtubelabel\" :background=\"background\" media-id=\"desc_media_69eec3b7df3ff\"><\/lazy-media>\n\t\t\t\t<\/zoom>\t\t\t<\/div>\n\n\t\t\t\t\t\t\t<div class=\"lazy-media-info-container-fluid\">\n\t\t\t\t<div class=\"lazy-media-info-row end-xs\">\n\t\t\t\t\t<div class=\"lazy-media-info-col\">\n\t\t\t\t\t\t<div class=\"lazy-media-info\" aria-expanded=\"false\" :aria-expanded=\"isOpen ? 'true' : 'false'\">\n\t\t\t\t\t\t\t<button class=\"lazy-media-info-head button-tiny\" :class=\"{'button-active': isOpen}\" @click=\"toggle\" ref=\"head\"><span class=\"button-label insignificant\">Bildinfo<\/span><\/button>\n\t\t\t\t\t\t\t<figcaption class=\"lazy-media-info-body\" ref=\"body\" id=\"desc_media_69eec3b7df3ff\">\n\t\t\t\t\t\t\t\t<div class=\"lazy-media-info-body-content\">\n\t\t\t\t\t\t\t\t\t\t\t\t\t\t\t\t\t\t\t<div>Schloss-Museum als Zeichensaal<\/div>\n\t\t\t\t\t\t\t\t\t\t\t\t\t\t\t\t\t\t\t\t\t\t\t\t\t\t\t\t<div>Originaltitel: Sch&uuml;ler der Berliner Tischlerschule (St&auml;dtische Kunstgewerbliche Fachschule) zeichneten im Berliner Stadtschloss antike Kunstm&ouml;bel (K&ouml;nigskammer 2) <\/div>\n\t\t\t\t\t\t\t\t\t\t\t\t\t\t\t\t\t\t\t\t\t\t\t\t\t\t\t\t<div class=\"insignificant\">\u00a9 bpk \/ Kunstbibliothek, SMB, Photothek Willy R\u00f6mer \/ Willy R\u00f6mer<\/div>\n\t\t\t\t\t\t\t\t\t\t\t\t\t\t\t\t\t<\/div>\n\t\t\t\t\t\t\t<\/figcaption>\n\t\t\t\t\t\t\t<div class=\"lazy-media-info-head-border\"><\/div>\n\t\t\t\t\t\t<\/div>\n\t\t\t\t\t<\/div>\n\t\t\t\t<\/div>\n\t\t\t<\/div>\n\t\t\t\t\t\t\t\t\t<\/figure>\n\t<\/lazy-media-inline>\n\t\t\t\t<\/div>\n\t\t\t\t<div class=\"copy\">\n\t\t\t\t\t<p class=\"Moderation\">Berliner Kunstkammer im Apothekenfl\u00fcgel des Berliner Stadtschlosses um 1695 und das Schloss-Museum 1925 als Zeichensaal f\u00fcr Sch\u00fcler der Berliner Tischlerschule.<\/p>\n\t\t\t\t<\/div>\n\t\t\t<\/div>\n\t\t\t<div class=\"col-xs-12 col-md-8 second-image\" data-motion-parallax='{\"child\":\".image-wrapper\",\"mask\":\".lazy-media\",\"tween\":{\"yPercent\": [-15,15]}}'>\n\t\t\t\t\n\t<lazy-media-inline inline-template>\n\t\t<figure itemscope itemtype=\"http:\/\/schema.org\/ImageObject\" class=\"lazy-media-inline \" role=\"group\" id=\"media_69eec3b7df6f9\" aria-labelledby=\"desc_media_69eec3b7df6f9\">\n\t\t\t<script type=\"application\/json\" ref=\"data\">\n\t\t\t\t{\n\t\t\t\t\"sizes\" : {\"medium\":{\"file\":\"HF_eb00009868-scaled-scaled-300x189.jpg\",\"width\":300,\"height\":189,\"mime-type\":\"image\\\/jpeg\"},\"large\":{\"file\":\"HF_eb00009868-scaled-scaled-1024x644.jpg\",\"width\":1024,\"height\":644,\"mime-type\":\"image\\\/jpeg\"},\"thumbnail\":{\"file\":\"HF_eb00009868-scaled-scaled-150x150.jpg\",\"width\":150,\"height\":150,\"mime-type\":\"image\\\/jpeg\"},\"medium_large\":{\"file\":\"HF_eb00009868-scaled-scaled-768x483.jpg\",\"width\":768,\"height\":483,\"mime-type\":\"image\\\/jpeg\"},\"small\":{\"file\":\"HF_eb00009868-scaled-scaled-440x277.jpg\",\"width\":440,\"height\":277,\"mime-type\":\"image\\\/jpeg\"},\"semi\":{\"file\":\"HF_eb00009868-scaled-scaled-580x365.jpg\",\"width\":580,\"height\":365,\"mime-type\":\"image\\\/jpeg\"},\"mobile\":{\"file\":\"HF_eb00009868-scaled-scaled-720x453.jpg\",\"width\":720,\"height\":453,\"mime-type\":\"image\\\/jpeg\"},\"hd\":{\"file\":\"HF_eb00009868-scaled-scaled-1280x805.jpg\",\"width\":1280,\"height\":805,\"mime-type\":\"image\\\/jpeg\"},\"full\":{\"file\":\"HF_eb00009868-scaled-scaled-1920x1208.jpg\",\"width\":1920,\"height\":1208,\"mime-type\":\"image\\\/jpeg\"},\"1536x1536\":{\"file\":\"HF_eb00009868-scaled-scaled-1536x966.jpg\",\"width\":1536,\"height\":966,\"mime-type\":\"image\\\/jpeg\"},\"2048x2048\":{\"file\":\"HF_eb00009868-scaled-scaled-2048x1288.jpg\",\"width\":2048,\"height\":1288,\"mime-type\":\"image\\\/jpeg\"},\"original\":{\"file\":\"HF_eb00009868-scaled-scaled.jpg\",\"width\":2560,\"height\":1610}},\n\t\t\t\t\"alt\" : \"Rarit\\u00e4tenkabinett im Berliner Stadtschloss mit Besuchern, Portr\\u00e4tmedaillons und Statuetten auf einem Kupferstich aus dem 17. Jahrhundert\",\n\t\t\t\t\"path\" : \"\\\/wp-content\\\/uploads\\\/2017\\\/06\\\/\",\n\t\t\t\t\"video\" : null,\n\t\t\t\t\"autoplay\" : null,\n\t\t\t\t\"youtube\" : null,\n\t\t\t\t\"youtubelabel\" : \"Video abspielen\",\n\t\t\t\t\"brightness\" : 100,\n\t\t\t\t\"crop\" : null,\n\t\t\t\t\"background\" : true,\n\t\t\t\t\"scale\" : 2\t\t\t\t}\n\t\t\t<\/script>\n\n\t\t\t<div class=\"height-container\" style=\"padding-bottom:62.890625%;\" v-if=\"sizes\">\n\t\t\t\t<zoom id=\"U69eec3b7df82a\" type=\"2\">\t\t\t\t<lazy-media :inline=\"true\" :alt=\"alt\" :sizes=\"sizes\" :scale=\"scale\" :brightness=\"brightness\" :path=\"path\" :video=\"video\" :autoplay=\"autoplay\" :youtube=\"youtube\" :crop=\"crop\" :youtubelabel=\"youtubelabel\" :background=\"background\" media-id=\"desc_media_69eec3b7df6f9\"><\/lazy-media>\n\t\t\t\t<\/zoom>\t\t\t<\/div>\n\n\t\t\t\t\t\t\t<div class=\"lazy-media-info-container-fluid\">\n\t\t\t\t<div class=\"lazy-media-info-row end-xs\">\n\t\t\t\t\t<div class=\"lazy-media-info-col\">\n\t\t\t\t\t\t<div class=\"lazy-media-info\" aria-expanded=\"false\" :aria-expanded=\"isOpen ? 'true' : 'false'\">\n\t\t\t\t\t\t\t<button class=\"lazy-media-info-head button-tiny\" :class=\"{'button-active': isOpen}\" @click=\"toggle\" ref=\"head\"><span class=\"button-label insignificant\">Bildinfo<\/span><\/button>\n\t\t\t\t\t\t\t<figcaption class=\"lazy-media-info-body\" ref=\"body\" id=\"desc_media_69eec3b7df6f9\">\n\t\t\t\t\t\t\t\t<div class=\"lazy-media-info-body-content\">\n\t\t\t\t\t\t\t\t\t\t\t\t\t\t\t\t\t\t\t<div>Ansicht der Berliner Kunstkammer \/ Rarit&auml;tenkabinett im Apothekenfl&uuml;gel des Berliner Stadtschlosses<\/div>\n\t\t\t\t\t\t\t\t\t\t\t\t\t\t\t\t\t\t\t\t\t\t\t\t\t\t\t\t<div>Kupferstich aus Thesaurus Brandenburgicus selectus, Band 1, Berlin 1696 <\/div>\n\t\t\t\t\t\t\t\t\t\t\t\t\t\t\t\t\t\t\t\t\t\t\t\t\t\t\t\t<div class=\"insignificant\">\u00a9 bpk \/ Kunstbibliothek, SMB \/ Dietmar Katz<\/div>\n\t\t\t\t\t\t\t\t\t\t\t\t\t\t\t\t\t<\/div>\n\t\t\t\t\t\t\t<\/figcaption>\n\t\t\t\t\t\t\t<div class=\"lazy-media-info-head-border\"><\/div>\n\t\t\t\t\t\t<\/div>\n\t\t\t\t\t<\/div>\n\t\t\t\t<\/div>\n\t\t\t<\/div>\n\t\t\t\t\t\t\t\t\t<\/figure>\n\t<\/lazy-media-inline>\n\t\t\t<\/div>\n\t\t<\/div>\n\t<\/div>\n<\/section>\n\n<section class=\"block block-copy\" >\n    <div class=\"container-fluid\">\n\t\t<div class=\"row \">\n            <div class=\"col-xs-12 col-md-offset-2 col-md-8\">\n                <div class=\"box\">\n                    <div class=\"copy\"><p>Wir m\u00f6chten an dieser Stelle auf eine Tradition verweisen, verf\u00e4ngliche Denkm\u00e4ler mit problematischer Aussage nicht abzurei\u00dfen und damit vergessen zu machen, sondern kommentierend zu erg\u00e4nzen und neu zu interpretieren. Dass Monumente den Deutungsdualismus nicht nur aushalten k\u00f6nnen, sondern durch diesen Konflikt an Souver\u00e4nit\u00e4t gewinnen, beweist zum Beispiel das Siegestor in M\u00fcnchen, ein Triumphbogen nach dem Vorbild des Konstantinbogens, der 1840 im Auftrag Ludwigs I. errichtet wurde und dem bayerischen Heer gewidmet war. Unter dem Eindruck der Zerst\u00f6rungen und des Leids stellte man das Tor nach dem Zweiten Weltkrieg bewusst vereinfacht wieder her. Eine zus\u00e4tzliche, auf der S\u00fcdseite angebrachte Inschrift vermochte den triumphalen Gestus in einen tragischen zu wandeln: &#8222;Dem Sieg geweiht, vom Krieg zerst\u00f6rt, zum Frieden mahnend.&#8220; Im Ausland genie\u00dft der reflektierte Umgang Deutschlands mit der eigenen Geschichte gro\u00dfen Respekt.<\/p>\n<\/div>\n                <\/div>\n            <\/div>\n\t\t<\/div>\n\t\t    <\/div>\n<\/section>\n\n<section class=\"block block-headline block-no-margin  hyph-disable\" >\n\t<div class=\"container-fluid\">\n\t\t<div class=\"row\">\n\t\t\t\t\t\t\t<div class=\"col-xs-12 col-md-offset-2 col-md-8\">\n\t\t\t\t\t<div class=\"box\">\n\t\t\t\t\t\t<h2 class=\".h3\">Nebeneinander von Weltdeutungen<\/h2>\n\t\t\t\t\t<\/div>\n\t\t\t\t<\/div>\n\t\t\t\t\t<\/div>\n\t<\/div>\n<\/section>\n\n\n\n\n<section class=\"block block-copy block-no-margin\" >\n    <div class=\"container-fluid\">\n\t\t<div class=\"row \">\n            <div class=\"col-xs-12 col-md-offset-2 col-md-8\">\n                <div class=\"box\">\n                    <div class=\"copy\"><p>Der historische Schlossplatz in der Mitte Berlins ist ein verwundeter Ort: Innerhalb eines halben Jahrhunderts wurden gleich zwei aufeinanderfolgende monumentale Schl\u00fcsselbauten von stadtbildpr\u00e4gender Wirkung abgerissen. Nach diesen nicht umkehrbaren radikalen Entscheidungen denken wir, dass es zur Heilung dieses ideologisch und symbolisch aufgeladenen Ortes im Zentrum Berlins an der Zeit ist, auf die subtil und souver\u00e4n argumentierende, konfrontative Praxis des kommentierenden Nebeneinanderstellens von Weltdeutungen zu vertrauen, die ihre Botschaft an den B\u00fcrger richtet und darauf vertraut, verstanden zu werden. Nur so erhalten die Heterogenit\u00e4t und die historischen Br\u00fcche ihre Daseinsberechtigung. Sowohl die Erinnerung an den Palast der Republik als auch an die Ereignisse des Vorm\u00e4rz wird ihren Platz im Humboldt Forum finden.<\/p>\n<\/div>\n                <\/div>\n            <\/div>\n\t\t<\/div>\n\t\t    <\/div>\n<\/section>\n\n<section class=\"block block-copy block-no-margin\" >\n    <div class=\"container-fluid\">\n\t\t<div class=\"row \">\n            <div class=\"col-xs-12 col-md-offset-2 col-md-8\">\n                <div class=\"box\">\n                    <div class=\"copy\"><p>Das Kuppelkreuz war nicht das Ende der Geschichte, vielmehr soll es in eine gro\u00dfe Erz\u00e4hlung eingebunden werden. Gleich mit seiner Wiedererrichtung soll das Kuppelkreuz weitere Gesellschaft erhalten: Als Gr\u00fcndungsintendanten haben wir vorgeschlagen, eine getreue Nachbildung des Sanchi-Tors aus den Dahlemer Sammlungen im Au\u00dfenbereich des wiedererrichteten Schlosses aufzustellen. Das antike buddhistische Monument w\u00e4re nicht nur prononcierter stilistischer Kontrapunkt vor der wilhelminischen Schlossfassade. Vielmehr w\u00fcrde es mit dem Schlossneubau interagieren und zudem die Botschaft des Humboldt Forums \u2013 Erlebnisraum der Weltkulturen wie der Wissenschaft zu sein \u2013, nach au\u00dfen tragen. Plaziert gegen\u00fcber dem Lustgarten als eine s\u00fcdasiatische Antwort auf das nach Westen hin orientierte fr\u00fchklassizistische Brandenburger Tor, kann es den Blick gen Osten symbolisch leiten. Es w\u00e4re zudem ein verbindendes Element zwischen dem Humboldt Forum und der Museumsinsel.<\/p>\n<p>&nbsp;<\/p>\n<\/div>\n                <\/div>\n            <\/div>\n\t\t<\/div>\n\t\t    <\/div>\n<\/section>\n\n<section class=\"block block-headline block-no-margin  hyph-disable\" >\n\t<div class=\"container-fluid\">\n\t\t<div class=\"row\">\n\t\t\t\t\t\t\t<div class=\"col-xs-12 col-md-offset-2 col-md-8\">\n\t\t\t\t\t<div class=\"box\">\n\t\t\t\t\t\t<h2 class=\".h3\">Im Zwielicht des Zweifels<\/h2>\n\t\t\t\t\t<\/div>\n\t\t\t\t<\/div>\n\t\t\t\t\t<\/div>\n\t<\/div>\n<\/section>\n\n\n\n\n<section class=\"block block-copy\" >\n    <div class=\"container-fluid\">\n\t\t<div class=\"row \">\n            <div class=\"col-xs-12 col-md-offset-2 col-md-8\">\n                <div class=\"box\">\n                    <div class=\"copy\"><p>Im Jahr 2005, zu Zeiten seiner alternativen Zwischennutzung, bekr\u00f6nte den Rest des Palasts der Republik der acht mal vierzig Meter gro\u00dfe Schriftzug \u201cZWEIFEL\u201d aus neonfarbenen Lettern, eingelassen in die Dachkante. Diese Installation des norwegischen K\u00fcnstlers Lars \u00d8 Ramberg war ein kraftvolles Statement f\u00fcr den Diskurs um Abriss versus Erhalt des Palastes. \u201cWenn man gleichzeitig nach vorne und nach hinten schaut, das hei\u00dft, sich historisch bewusst ist, dann ist Zweifel das Mantra\u201d, so der K\u00fcnstler.<\/p>\n<\/div>\n                <\/div>\n            <\/div>\n\t\t<\/div>\n\t\t    <\/div>\n<\/section>\n\n\n<section class=\"block block-copy-quote\">\n\t<div class=\"container-fluid\">\n\t\t<div class=\"row center-xs\">\n\t\t\t\t\t\t<figure class=\"col-xs-10 col-md-6 quote-copy\">\n\t\t\t\t<div class=\"box\">\n\t\t\t\t\t<div class=\"container-fluid\">\n\t\t\t\t\t\t<div class=\"row\">\n\t\t\t\t\t\t\t<div class=\"col-xs-10 col-xs-offset-1 col-padding-remove\">\n\t\t\t\t\t\t\t\t<div class=\"box\">\n\t\t\t\t\t\t\t\t\t<span class=\"icon-zitat quote-copy-icon  no-image\"><\/span>\n\t\t\t\t\t\t\t\t\t<blockquote class=\"quote-copy-headline Zitat\">Zweifel ist aktuell und real und Voraussetzung, um Dinge zu \u00e4ndern.<\/blockquote>\n\t\t\t\t\t\t\t\t\t<figcaption class=\"quote-copy-subline Copyright\">Lars \u00d8 Ramberg<\/figcaption>\n\t\t\t\t\t\t\t\t<\/div>\n\t\t\t\t\t\t\t<\/div>\n\t\t\t\t\t\t<\/div>\n\t\t\t\t\t<\/div>\n\t\t\t\t<\/div>\n\t\t\t<\/figure>\n\t\t<\/div>\n\t<\/div>\n<\/section>\n\n<section class=\"block block-copy block-no-margin\" >\n    <div class=\"container-fluid\">\n\t\t<div class=\"row \">\n            <div class=\"col-xs-12 col-md-offset-2 col-md-8\">\n                <div class=\"box\">\n                    <div class=\"copy\"><p>Im Zwielicht des Zweifels gewinnen die Dinge an Dreidimensionalit\u00e4t und bleiben jenseits starrer Gewissheiten in Bewegung. Der Zweifel, allen Kulturen innewohnend, hat ein unleugbares kreatives, sch\u00f6pferisches Element und erm\u00f6glicht \u00fcberhaupt erst die Stufe der h\u00f6heren Erkenntnis. So wird der Zweifel zum Bestandteil des philosophischen Begriffs der Kritik. Er ist ein Gegengift gegen voreilige Schl\u00fcsse, Vorurteile und falsche Versprechen. Der Zweifel ist es, der kultiviert und aktiviert werden sollte!<\/p>\n<p>In seiner dokumentierten historischen Dimension innerhalb Europas, von der antiken Skepsis \u00fcber den Zweifel als Gottesl\u00e4sterung im Mittelalter bis hin zu seiner Wertsch\u00e4tzung in der Neuzeit als Instrument der Selbstvergewisserung und des verl\u00e4sslichen Wissens, wird er zu einem Schl\u00fcsselbegriff. Er ist Vorbedingung der Aufkl\u00e4rung wie der intellektuellen Forschung \u00fcberhaupt. Und es darf nicht vergessen werden, dass der Zweifel als Kernelement der preu\u00dfischen Aufkl\u00e4rung und das Kreuz als christliches Hoheitszeichen in Berlin lange zusammengewirkt haben. Ihnen verdanken sich alle gro\u00dfen Forschungen und intellektuellen Auseinandersetzungen des achtzehnten und neunzehnten Jahrhunderts. Der Zweifel war immer ein Bewohner dieses Hauses.<\/p>\n<p>Wir schlagen daher vor, die monumentalen Leuchtbuchstaben Rambergs auf die Ostseite des Daches des Humboldt Forums zu \u00fcbertragen, sollte diese bauliche \u00c4nderung statisch und technisch realisierbar sein. Als geschriebenes Wort zum Logo erkl\u00e4rt, entfalten die Versalien ihre gr\u00f6\u00dfte und im besten Sinne aufdringlichste Wirkung des Denkens und Verstehens, f\u00fcr ein modernes Weltverst\u00e4ndnis und f\u00fcr die grundlegenden Fragen der Gesellschaft an eine Zukunft in Zeiten der Globalisierung. Sie w\u00e4ren eine Reminiszenz an den zerst\u00f6rten Palast der Republik und st\u00fcnden umfassend f\u00fcr den Antrieb, die widerstreitende Geschichte des Ortes mit diesen beiden Elementen leitmotivisch zu begreifen.<\/p>\n<p>Auf dem Dach des Humboldt Forums st\u00e4nden somit zwei Grundprinzipien des kulturellen und geistigen Lebens der Stadt nebeneinander. Und auch die bauhistorische Rekonstruktion des Schlosses ist f\u00fcr sich genommen gebauter Zweifel, der in einem Kreuz, das an diesem Ort keine religi\u00f6se Funktion mehr hat, einen H\u00f6hepunkt findet. Insofern entsprechen sich Kreuz und Zweifel. Beide begr\u00fcnden das Forum der Debatte. In diesem Rahmen gilt es, die Mehrdimensionalit\u00e4t der Geschichte, die Abneigung und Widerstand, aber auch Identifikation und Zustimmung gleicherma\u00dfen erzeugt, zu ihrem Recht kommen zu lassen. Der Zweifel in seiner Wortgewalt, zusammen mit der m\u00e4chtigen Bildwelt des Sanchi-Tors und dem Kuppelkreuz laden dazu ein, die Welt nicht allein durch die Augen des eigenen Selbst zu betrachten. Dies ist die Botschaft des Humboldt Forums.<\/p>\n<\/div>\n                <\/div>\n            <\/div>\n\t\t<\/div>\n\t\t    <\/div>\n<\/section>","protected":false},"excerpt":{"rendered":"<p>Hermann Parzinger, Horst Bredekamp und Neil MacGregor: Die Welt verstehen, ohne ihre Geschichte zu leugnen \u2013 Das Berliner Schloss vertr\u00e4gt Kuppel und Kreuz.<\/p>\n","protected":false},"featured_media":5012,"template":"","magazine-topic":[142,285],"magazine-format":[123],"magazine-author":[16,14,15],"class_list":["post-542","magazine-article","type-magazine-article","status-publish","has-post-thumbnail","hentry","magazine-topic-geschichte-des-ortes","magazine-topic-stiftung-humboldt-forum-im-berliner-schloss","magazine-format-artikel","magazine-author-hermann-parzinger","magazine-author-horst-bredekamp","magazine-author-neil-macgregor"],"acf":[],"_links":{"self":[{"href":"https:\/\/www.humboldtforum.org\/de\/wp-json\/wp\/v2\/magazine-article\/542","targetHints":{"allow":["GET"]}}],"collection":[{"href":"https:\/\/www.humboldtforum.org\/de\/wp-json\/wp\/v2\/magazine-article"}],"about":[{"href":"https:\/\/www.humboldtforum.org\/de\/wp-json\/wp\/v2\/types\/magazine-article"}],"version-history":[{"count":0,"href":"https:\/\/www.humboldtforum.org\/de\/wp-json\/wp\/v2\/magazine-article\/542\/revisions"}],"wp:featuredmedia":[{"embeddable":true,"href":"https:\/\/www.humboldtforum.org\/de\/wp-json\/wp\/v2\/media\/5012"}],"wp:attachment":[{"href":"https:\/\/www.humboldtforum.org\/de\/wp-json\/wp\/v2\/media?parent=542"}],"wp:term":[{"taxonomy":"magazine-topic","embeddable":true,"href":"https:\/\/www.humboldtforum.org\/de\/wp-json\/wp\/v2\/magazine-topic?post=542"},{"taxonomy":"magazine-format","embeddable":true,"href":"https:\/\/www.humboldtforum.org\/de\/wp-json\/wp\/v2\/magazine-format?post=542"},{"taxonomy":"magazine-author","embeddable":true,"href":"https:\/\/www.humboldtforum.org\/de\/wp-json\/wp\/v2\/magazine-author?post=542"}],"curies":[{"name":"wp","href":"https:\/\/api.w.org\/{rel}","templated":true}]}}