{"id":1837,"count":1,"description":"Interdisziplin\u00e4rer K\u00fcnstler. Lebt und arbeitet in Peru und Deutschland, Teil des Teams Dekoration f\u00fcr den D\u00eda de Muertos","link":"https:\/\/www.humboldtforum.org\/de\/magazin\/autor\/jorge-baldeon\/","name":"Jorge Balde\u00f3n","slug":"jorge-baldeon","taxonomy":"magazine-author","parent":0,"meta":[],"acf":[],"_links":{"self":[{"href":"https:\/\/www.humboldtforum.org\/de\/wp-json\/wp\/v2\/magazine-author\/1837","targetHints":{"allow":["GET"]}}],"collection":[{"href":"https:\/\/www.humboldtforum.org\/de\/wp-json\/wp\/v2\/magazine-author"}],"about":[{"href":"https:\/\/www.humboldtforum.org\/de\/wp-json\/wp\/v2\/taxonomies\/magazine-author"}],"wp:post_type":[{"href":"https:\/\/www.humboldtforum.org\/de\/wp-json\/wp\/v2\/magazine-article?magazine-author=1837"}],"curies":[{"name":"wp","href":"https:\/\/api.w.org\/{rel}","templated":true}]}}