{"id":161444,"date":"2026-04-15T13:53:11","date_gmt":"2026-04-15T11:53:11","guid":{"rendered":"https:\/\/www.humboldtforum.org\/?post_type=pressstatement&#038;p=161444"},"modified":"2026-04-16T12:11:46","modified_gmt":"2026-04-16T10:11:46","slug":"kunst-am-bau-sudpfeil-von-jurgen-mayer-h-am-humboldt-forum-installiert","status":"publish","type":"pressstatement","link":"https:\/\/www.humboldtforum.org\/de\/presse\/mitteilungen\/kunst-am-bau-sudpfeil-von-jurgen-mayer-h-am-humboldt-forum-installiert\/","title":{"rendered":"Kunst am Bau: S\u00fcdpfeil von J\u00fcrgen Mayer H. am Humboldt Forum installiert"},"content":{"rendered":"<section class=\"block block-header-headline hyph-disable\" >\n    <div class=\"container-fluid\">\n        <div class=\"row\">\n\t\t\t\t\t\t\t<div class=\"col-xs-12 col-md-offset-2 col-md-8\">\n\t\t\t\t\t<div class=\"box\">\n\t\t\t\t\t\t<div class=\"subline\">Pressemitteilung I 15. April 2026<\/div>\n\t\t\t\t\t<\/div>\n\t\t\t\t<\/div>\n\t\t\t\n                            <div class=\"col-xs-12 col-md-offset-2 col-md-8\">\n                    <div class=\"box\">\n                        <h1>Kunst am Bau: S\u00fcdpfeil von J\u00fcrgen Mayer H. am Humboldt Forum installiert<\/h1>\n                    <\/div>\n                <\/div>\n                    <\/div>\n    <\/div>\n<\/section>\n\n\n\n\n<section class=\"block block-header\" >\n\t<block-header inline-template>\n\t\t<figure role=\"group\" aria-labelledby=\"desc_m_69f3a49032547\">\n\n\t\t\t<script type=\"application\/json\" ref=\"data\">\n\t\t\t\t{\n\t\t\t\t\"sizes_d\" : {\"medium\":{\"file\":\"SHF_eb00265312-1-300x199.jpg\",\"width\":300,\"height\":199,\"mime-type\":\"image\\\/jpeg\",\"filesize\":7049},\"large\":{\"file\":\"SHF_eb00265312-1-1024x679.jpg\",\"width\":1024,\"height\":679,\"mime-type\":\"image\\\/jpeg\",\"filesize\":51054},\"thumbnail\":{\"file\":\"SHF_eb00265312-1-150x150.jpg\",\"width\":150,\"height\":150,\"mime-type\":\"image\\\/jpeg\",\"filesize\":3728},\"medium_large\":{\"file\":\"SHF_eb00265312-1-768x509.jpg\",\"width\":768,\"height\":509,\"mime-type\":\"image\\\/jpeg\",\"filesize\":31464},\"small\":{\"file\":\"SHF_eb00265312-1-440x292.jpg\",\"width\":440,\"height\":292,\"mime-type\":\"image\\\/jpeg\",\"filesize\":12592},\"semi\":{\"file\":\"SHF_eb00265312-1-580x385.jpg\",\"width\":580,\"height\":385,\"mime-type\":\"image\\\/jpeg\",\"filesize\":20025},\"mobile\":{\"file\":\"SHF_eb00265312-1-720x477.jpg\",\"width\":720,\"height\":477,\"mime-type\":\"image\\\/jpeg\",\"filesize\":28148},\"hd\":{\"file\":\"SHF_eb00265312-1-1280x849.jpg\",\"width\":1280,\"height\":849,\"mime-type\":\"image\\\/jpeg\",\"filesize\":75625},\"full\":{\"file\":\"SHF_eb00265312-1-1920x1273.jpg\",\"width\":1920,\"height\":1273,\"mime-type\":\"image\\\/jpeg\",\"filesize\":155753},\"xxl\":{\"file\":\"SHF_eb00265312-1-4048x2684.jpg\",\"width\":4048,\"height\":2684,\"mime-type\":\"image\\\/jpeg\",\"filesize\":649342},\"1536x1536\":{\"file\":\"SHF_eb00265312-1-1536x1019.jpg\",\"width\":1536,\"height\":1019,\"mime-type\":\"image\\\/jpeg\",\"filesize\":104446},\"2048x2048\":{\"file\":\"SHF_eb00265312-1-2048x1358.jpg\",\"width\":2048,\"height\":1358,\"mime-type\":\"image\\\/jpeg\",\"filesize\":175062},\"original\":{\"file\":\"SHF_eb00265312-1.jpg\",\"width\":4524,\"height\":3000}},\n\t\t\t\t\"alt_d\" : \"Fernsehturm Berlin, sichtbar neben einer Wand mit einem Pfeil, der nach links zeigt, vor einem bew\\u00f6lkten Himmel.\",\n\t\t\t\t\"path_d\" : \"\\\/wp-content\\\/uploads\\\/2026\\\/03\\\/\",\n\t\t\t\t\"autoplay_d\" : null,\n\t\t\t\t\"crop_d\" : {\"top\":\"57.70\",\"left\":\"69.29\"},\n\t\t\t\t\"background_d\" : true,\n\t\t\t\t\"scale_d\" : 2,\n\n\t\t\t\t\"sizes_m\" : [],\n\t\t\t\t\"alt_m\" : null,\n\t\t\t\t\"path_m\" : null,\n\t\t\t\t\"autoplay_m\" : null,\n\t\t\t\t\"crop_m\" : null,\n\t\t\t\t\"background_m\" : true,\n\t\t\t\t\"scale_m\" : 1,\n\n\t\t\t\t\"has_mobile_format\" : false,\n\t\t\t\t\"has_ad\" : false,\n\t\t\t\t\"audio_description_yt\" : null\t\t\t\t}\n\t\t\t<\/script>\n\t\t\t<div class=\"height-container\" style=\"padding-bottom:66.31299734748%;\" v-if=\"sizes\" data-motion-parallax='{\"child\":\".image-wrapper\",\"mask\":\".lazy-media\",\"tween\":{\"yPercent\": [-15,15]}}'>\n\t\t\t\t<lazy-media :inline=\"true\" :scale=\"scale\" :alt=\"alt\" :sizes=\"sizes\" :brightness=\"brightness\" :path=\"path\" :video=\"video\" :autoplay=\"autoplay\" :youtube=\"youtube\" :crop=\"crop\" :youtubelabel=\"youtubelabel\" :background=\"background\" media-id=\"desc_m_69f3a49032547\"><\/lazy-media>\n\t\t\t\t<button class=\"autoplay-audio-description-btn icon-background icon-audio-describtions\" @click=\"audioDescriptionPlay\" v-if=\"hasAudioDescription\" aria-label=\"Audiodeskription aufrufen\"><\/button>\n\t\t\t<\/div>\n\t\t\t\t\t\t<div class=\"lazy-media-info-container-fluid\">\n\t\t\t\t<div class=\"lazy-media-info-row end-xs\">\n\t\t\t\t\t<div class=\"lazy-media-info-col\">\n\t\t\t\t\t\t<div class=\"lazy-media-info\" aria-expanded=\"false\" :aria-expanded=\"isOpen ? 'true' : 'false'\">\n\t\t\t\t\t\t\t<button class=\"lazy-media-info-head button-tiny insignificant\" :class=\"{'button-active': isOpen}\" @click=\"toggle\" ref=\"head\"><span class=\"button-label insignificant\">Bildinfo<\/span><\/button>\n\t\t\t\t\t\t\t<figcaption class=\"lazy-media-info-body\" ref=\"body\" id=\"desc_m_69f3a49032547\">\n\t\t\t\t\t\t\t\t<div class=\"lazy-media-info-body-content\">\n\t\t\t\t\t\t\t\t\t\t\t\t\t\t\t\t\t\t<div>Kunst am Bau: S&uuml;dpfeil von J&uuml;rgen Mayer H. an der Nordostfassade des Humboldt Forums <\/div>\t\t\t\t\t\t\t\t\t<div class=\"insignificant\">\u00a9 J\u00fcrgen Mayer H., S\u00fcdpfeil, 2026 \/ Stiftung Humboldt Forum im Berliner Schloss, Foto: David von Becker<\/div>\t\t\t\t\t\t\t\t<\/div>\n\t\t\t\t\t\t\t<\/figcaption>\n\t\t\t\t\t\t\t<div class=\"lazy-media-info-head-border\"><\/div>\n\t\t\t\t\t\t<\/div>\n\t\t\t\t\t<\/div>\n\t\t\t\t<\/div>\n\t\t\t<\/div>\n\t\t\t\t\t<\/figure>\n\t<\/block-header>\n<\/section>\n\n<section class=\"block block-copy\" >\n    <div class=\"container-fluid\">\n\t\t<div class=\"row \">\n            <div class=\"col-xs-12 col-md-offset-2 col-md-8\">\n                <div class=\"box\">\n                    <div class=\"copy\"><p>Seit heute markiert das fast vier Meter lange bronzefarbene Kunstwerk S\u00fcdpfeil des Berliner K\u00fcnstlers und Architekten J\u00fcrgen Mayer H. die Au\u00dfenfassade am Nordgiebel des Humboldt Forums. Inspiriert von den \u201ePfeilst\u00f6rchen\u201c \u2013 jenen Zugv\u00f6geln, die mit afrikanischen Pfeilen im Gefieder erstmals globale Migrationswege sichtbar\u00a0machten \u2013, greift die Arbeit kulturelle und koloniale Bez\u00fcge auf. Mit der Intervention wurde das achte und letzte Kunst-am-Bau-Werk f\u00fcr das Humboldt Forum realisiert.<\/p>\n<p>Weitere Informationen in der Pressemitteilung und <a href=\"https:\/\/www.humboldtforum.org\/de\/programm\/feature\/kunst-am-bau-31300\/\">hier<\/a>.<\/p>\n<\/div>\n                <\/div>\n            <\/div>\n\t\t<\/div>\n\t\t    <\/div>\n<\/section>\n\n<section class=\"block block-headline block-no-margin  hyph-disable\" >\n\t<div class=\"container-fluid\">\n\t\t<div class=\"row\">\n\t\t\t\t\t\t\t<div class=\"col-xs-12\">\n\t\t\t\t\t<div class=\"box\">\n\t\t\t\t\t\t<h2 class=\".h3\">PDF<\/h2>\n\t\t\t\t\t<\/div>\n\t\t\t\t<\/div>\n\t\t\t\t\t<\/div>\n\t<\/div>\n<\/section>\n\n\n\n\n\n<section class=\"block block-press-image-select\">\n\t\t\t<div class=\"container-fluid\">\n\t\t\t\t\t\t\t<div class=\"row pdf-row\">\n\t\t\t\t\t<div class=\"block-press-item col-xs-12\">\n\t\t\t\t\t\t<div class=\"box pdf-row-box\">\n\t\t\t\t\t\t\t<h5>Kunst am Bau: S\u00fcdpfeil von J\u00fcrgen Mayer H. installiert<\/h5>\n\t\t\t\t\t\t\t\t\t\t\t\t\t\t\t<div class=\"subline insignificant\">Pressemitteilung I Stiftung Humboldt Forum im Berliner Schloss<\/div>\n\t\t\t\t\t\t\t\t\t\t\t\t\t\t<div class=\"pdf-row-icons\">\n\t\t\t\t\t\t\t\t<press-shopping-cart-inline inline-template>\n\t<div class=\"press-shopping-cart-inline\"  v-bind:class=\"{ 'isNotSelected': !isSelected, 'isSelected': isSelected }\">\n\t\t<script type=\"application\/json\" ref=\"data\">\n{\n\"id\" : \"162730\",\n\"type\" : \"pdf\",\n\"snackbar_added\" : \"Zu Downloads hinzugef\u00fcgt\",\n\"snackbar_removed\" : \"Aus Downloads gel\u00f6scht\",\n\"snackbar_link\" : \"https:\/\/www.humboldtforum.org\/de\/presse\/download\/\",\n\"additional_data\" : null,\n\"name\" : \"Kunst am Bau: S\\u00fcdpfeil von J\\u00fcrgen Mayer H. installiert\"}\n\t\t<\/script>\n\t\t<div class=\"vue-initialize\" ref=\"item\">\n\t\t\t<button class=\"button-with-icon\" :class=\"{hidden:isSelected}\" @click=\"add\"><span class=\"button-icon icon-plus\" aria-hidden=\"true\"><\/span><span class=\"button-label\">zu Downloads hinzuf\u00fcgen<\/span><\/button>\n\t\t\t<button class=\"button-with-icon rem\" :class=\"{hidden:!isSelected}\" @click=\"remove\"><span class=\"button-icon icon-close\" aria-hidden=\"true\"><\/span><span class=\"button-label\">aus downloads entfernen<\/span><\/button>\n\t\t<\/div>\n\t<\/div>\n<\/press-shopping-cart-inline>\n\t\t\t\t\t\t\t\t<a href=\"https:\/\/www.humboldtforum.org\/wp-content\/uploads\/2026\/03\/20260415_PM_Suedpfeil.pdf\" target=\"_blank\" role=\"button\" class=\"button-with-icon\"><span class=\"button-icon icon-download\" aria-hidden=\"true\"><\/span><span class=\"button-label\">Download<\/span><\/a>\n\t\t\t\t\t\t\t<\/div>\n\t\t\t\t\t\t<\/div>\n\t\t\t\t\t<\/div>\n\t\t\t\t<\/div>\n\t\t\t\t\t<\/div>\n\t<\/section>\n\n\n\n<section class=\"block block-headline block-no-margin  hyph-disable\" >\n\t<div class=\"container-fluid\">\n\t\t<div class=\"row\">\n\t\t\t\t\t\t\t<div class=\"col-xs-12\">\n\t\t\t\t\t<div class=\"box\">\n\t\t\t\t\t\t<h2 class=\".h3\">Bilder<\/h2>\n\t\t\t\t\t<\/div>\n\t\t\t\t<\/div>\n\t\t\t\t\t<\/div>\n\t<\/div>\n<\/section>\n\n\n\n\n\n<section class=\"block block-press-image-select\">\n\t\t<div class=\"container-fluid\">\n\t\t<div class=\"row\">\n\t\t\t\t\t\t<div class=\"block-press-item col-xs-6 col-md-3\">\n\t\t\t\t<div class=\"box\">\n\t\t\t\t\n\t<lazy-media-inline inline-template>\n\t\t<figure itemscope itemtype=\"http:\/\/schema.org\/ImageObject\" class=\"lazy-media-inline \" role=\"group\" id=\"media_69f3a4903ba3a\" aria-labelledby=\"desc_media_69f3a4903ba3a\">\n\t\t\t<script type=\"application\/json\" ref=\"data\">\n\t\t\t\t{\n\t\t\t\t\"sizes\" : {\"medium\":{\"file\":\"SHF_eb00265300-1-300x194.jpg\",\"width\":300,\"height\":194,\"mime-type\":\"image\\\/jpeg\",\"filesize\":6508},\"large\":{\"file\":\"SHF_eb00265300-1-1024x663.jpg\",\"width\":1024,\"height\":663,\"mime-type\":\"image\\\/jpeg\",\"filesize\":72823},\"thumbnail\":{\"file\":\"SHF_eb00265300-1-150x150.jpg\",\"width\":150,\"height\":150,\"mime-type\":\"image\\\/jpeg\",\"filesize\":3534},\"medium_large\":{\"file\":\"SHF_eb00265300-1-768x497.jpg\",\"width\":768,\"height\":497,\"mime-type\":\"image\\\/jpeg\",\"filesize\":38493},\"small\":{\"file\":\"SHF_eb00265300-1-440x285.jpg\",\"width\":440,\"height\":285,\"mime-type\":\"image\\\/jpeg\",\"filesize\":12393},\"semi\":{\"file\":\"SHF_eb00265300-1-580x376.jpg\",\"width\":580,\"height\":376,\"mime-type\":\"image\\\/jpeg\",\"filesize\":21289},\"mobile\":{\"file\":\"SHF_eb00265300-1-720x466.jpg\",\"width\":720,\"height\":466,\"mime-type\":\"image\\\/jpeg\",\"filesize\":33592},\"hd\":{\"file\":\"SHF_eb00265300-1-1280x829.jpg\",\"width\":1280,\"height\":829,\"mime-type\":\"image\\\/jpeg\",\"filesize\":120301},\"full\":{\"file\":\"SHF_eb00265300-1-1920x1244.jpg\",\"width\":1920,\"height\":1244,\"mime-type\":\"image\\\/jpeg\",\"filesize\":301493},\"1536x1536\":{\"file\":\"SHF_eb00265300-1-1536x995.jpg\",\"width\":1536,\"height\":995,\"mime-type\":\"image\\\/jpeg\",\"filesize\":182250},\"2048x2048\":{\"file\":\"SHF_eb00265300-1-2048x1327.jpg\",\"width\":2048,\"height\":1327,\"mime-type\":\"image\\\/jpeg\",\"filesize\":348533},\"original\":{\"file\":\"SHF_eb00265300-1.jpg\",\"width\":4000,\"height\":2591}},\n\t\t\t\t\"alt\" : \"Eine schwarze Pfeilskulptur, diagonal an einer hellen Wand befestigt.\",\n\t\t\t\t\"path\" : \"\\\/wp-content\\\/uploads\\\/2026\\\/03\\\/\",\n\t\t\t\t\"video\" : null,\n\t\t\t\t\"autoplay\" : null,\n\t\t\t\t\"youtube\" : null,\n\t\t\t\t\"youtubelabel\" : \"Video abspielen\",\n\t\t\t\t\"brightness\" : 100,\n\t\t\t\t\"crop\" : null,\n\t\t\t\t\"background\" : false,\n\t\t\t\t\"scale\" : 1\t\t\t\t}\n\t\t\t<\/script>\n\n\t\t\t<div class=\"height-container\" style=\"padding-bottom:64.775%;\" v-if=\"sizes\">\n\t\t\t\t\t\t\t\t<lazy-media :inline=\"true\" :alt=\"alt\" :sizes=\"sizes\" :scale=\"scale\" :brightness=\"brightness\" :path=\"path\" :video=\"video\" :autoplay=\"autoplay\" :youtube=\"youtube\" :crop=\"crop\" :youtubelabel=\"youtubelabel\" :background=\"background\" media-id=\"desc_media_69f3a4903ba3a\"><\/lazy-media>\n\t\t\t\t\t\t\t<\/div>\n\n\t\t\t\t\t\t\t<figcaption class=\"lazy-info-margin-exception\" id=\"desc_media_69f3a4903ba3a\">\n\t\t\t\t\t<div class=\"lazy-media-info-body-content\">\n\t\t\t\t\t\t\t\t\t\t\t\t\t\t\t\t\t\t\t<div>Kunst am Bau: S&uuml;dpfeil von J&uuml;rgen Mayer H. an der Nordostfassade des Humboldt Forums <\/div>\n\t\t\t\t\t\t\t\t\t\t\t\t\t\t\t\t\t\t\t<div class=\"insignificant\">\u00a9 J\u00fcrgen Mayer H., S\u00fcdpfeil, 2026 \/ Stiftung Humboldt Forum im Berliner Schloss, Foto: David von Becker<\/div>\n\t\t\t\t\t\t\t\t\t\t\t<\/div>\n\t\t\t\t<\/figcaption>\n\t\t\t\t\t\t\t\t\t<\/figure>\n\t<\/lazy-media-inline>\n<press-shopping-cart-inline inline-template>\n\t<div class=\"press-shopping-cart-inline\"  v-bind:class=\"{ 'isNotSelected': !isSelected, 'isSelected': isSelected }\">\n\t\t<script type=\"application\/json\" ref=\"data\">\n{\n\"id\" : \"162774\",\n\"type\" : \"image\",\n\"snackbar_added\" : \"Zu Downloads hinzugef\u00fcgt\",\n\"snackbar_removed\" : \"Aus Downloads gel\u00f6scht\",\n\"snackbar_link\" : \"https:\/\/www.humboldtforum.org\/de\/presse\/download\/\",\n\"additional_data\" : null,\n\"name\" : \"\"}\n\t\t<\/script>\n\t\t<div class=\"vue-initialize\" ref=\"item\">\n\t\t\t<button class=\"button-with-icon\" :class=\"{hidden:isSelected}\" @click=\"add\"><span class=\"button-icon icon-plus\" aria-hidden=\"true\"><\/span><span class=\"button-label\">zu Downloads hinzuf\u00fcgen<\/span><\/button>\n\t\t\t<button class=\"button-with-icon rem\" :class=\"{hidden:!isSelected}\" @click=\"remove\"><span class=\"button-icon icon-close\" aria-hidden=\"true\"><\/span><span class=\"button-label\">aus downloads entfernen<\/span><\/button>\n\t\t<\/div>\n\t<\/div>\n<\/press-shopping-cart-inline>\n\t\t\t\t<\/div>\n\t\t\t<\/div>\n\t\t\t\t\t\t<div class=\"block-press-item col-xs-6 col-md-3\">\n\t\t\t\t<div class=\"box\">\n\t\t\t\t\n\t<lazy-media-inline inline-template>\n\t\t<figure itemscope itemtype=\"http:\/\/schema.org\/ImageObject\" class=\"lazy-media-inline \" role=\"group\" id=\"media_69f3a4903bd90\" aria-labelledby=\"desc_media_69f3a4903bd90\">\n\t\t\t<script type=\"application\/json\" ref=\"data\">\n\t\t\t\t{\n\t\t\t\t\"sizes\" : {\"medium\":{\"file\":\"SHF_eb00265307-1-300x214.jpg\",\"width\":300,\"height\":214,\"mime-type\":\"image\\\/jpeg\",\"filesize\":12529},\"large\":{\"file\":\"SHF_eb00265307-1-1024x731.jpg\",\"width\":1024,\"height\":731,\"mime-type\":\"image\\\/jpeg\",\"filesize\":109910},\"thumbnail\":{\"file\":\"SHF_eb00265307-1-150x150.jpg\",\"width\":150,\"height\":150,\"mime-type\":\"image\\\/jpeg\",\"filesize\":5957},\"medium_large\":{\"file\":\"SHF_eb00265307-1-768x548.jpg\",\"width\":768,\"height\":548,\"mime-type\":\"image\\\/jpeg\",\"filesize\":64491},\"small\":{\"file\":\"SHF_eb00265307-1-440x314.jpg\",\"width\":440,\"height\":314,\"mime-type\":\"image\\\/jpeg\",\"filesize\":24211},\"semi\":{\"file\":\"SHF_eb00265307-1-580x414.jpg\",\"width\":580,\"height\":414,\"mime-type\":\"image\\\/jpeg\",\"filesize\":39325},\"mobile\":{\"file\":\"SHF_eb00265307-1-720x514.jpg\",\"width\":720,\"height\":514,\"mime-type\":\"image\\\/jpeg\",\"filesize\":57578},\"hd\":{\"file\":\"SHF_eb00265307-1-1280x913.jpg\",\"width\":1280,\"height\":913,\"mime-type\":\"image\\\/jpeg\",\"filesize\":165922},\"full\":{\"file\":\"SHF_eb00265307-1-1920x1370.jpg\",\"width\":1920,\"height\":1370,\"mime-type\":\"image\\\/jpeg\",\"filesize\":360569},\"xxl\":{\"file\":\"SHF_eb00265307-1-4048x2888.jpg\",\"width\":4048,\"height\":2888,\"mime-type\":\"image\\\/jpeg\",\"filesize\":1509403},\"1536x1536\":{\"file\":\"SHF_eb00265307-1-1536x1096.jpg\",\"width\":1536,\"height\":1096,\"mime-type\":\"image\\\/jpeg\",\"filesize\":233505},\"2048x2048\":{\"file\":\"SHF_eb00265307-1-2048x1461.jpg\",\"width\":2048,\"height\":1461,\"mime-type\":\"image\\\/jpeg\",\"filesize\":407872},\"original\":{\"file\":\"SHF_eb00265307-1.jpg\",\"width\":4205,\"height\":3000}},\n\t\t\t\t\"alt\" : \"Stadtansicht mit einem gro\\u00dfen Pfeil, der aus einem Geb\\u00e4ude ragt, und bunten Sitzelementen im Vordergrund.\",\n\t\t\t\t\"path\" : \"\\\/wp-content\\\/uploads\\\/2026\\\/03\\\/\",\n\t\t\t\t\"video\" : null,\n\t\t\t\t\"autoplay\" : null,\n\t\t\t\t\"youtube\" : null,\n\t\t\t\t\"youtubelabel\" : \"Video abspielen\",\n\t\t\t\t\"brightness\" : 100,\n\t\t\t\t\"crop\" : null,\n\t\t\t\t\"background\" : false,\n\t\t\t\t\"scale\" : 1\t\t\t\t}\n\t\t\t<\/script>\n\n\t\t\t<div class=\"height-container\" style=\"padding-bottom:71.343638525565%;\" v-if=\"sizes\">\n\t\t\t\t\t\t\t\t<lazy-media :inline=\"true\" :alt=\"alt\" :sizes=\"sizes\" :scale=\"scale\" :brightness=\"brightness\" :path=\"path\" :video=\"video\" :autoplay=\"autoplay\" :youtube=\"youtube\" :crop=\"crop\" :youtubelabel=\"youtubelabel\" :background=\"background\" media-id=\"desc_media_69f3a4903bd90\"><\/lazy-media>\n\t\t\t\t\t\t\t<\/div>\n\n\t\t\t\t\t\t\t<figcaption class=\"lazy-info-margin-exception\" id=\"desc_media_69f3a4903bd90\">\n\t\t\t\t\t<div class=\"lazy-media-info-body-content\">\n\t\t\t\t\t\t\t\t\t\t\t\t\t\t\t\t\t\t\t<div>Kunst am Bau: S&uuml;dpfeil von J&uuml;rgen Mayer H. an der Nordostfassade des Humboldt Forums <\/div>\n\t\t\t\t\t\t\t\t\t\t\t\t\t\t\t\t\t\t\t<div class=\"insignificant\">\u00a9 J\u00fcrgen Mayer H., S\u00fcdpfeil, 2026 \/ Stiftung Humboldt Forum im Berliner Schloss, Foto: David von Becker<\/div>\n\t\t\t\t\t\t\t\t\t\t\t<\/div>\n\t\t\t\t<\/figcaption>\n\t\t\t\t\t\t\t\t\t<\/figure>\n\t<\/lazy-media-inline>\n<press-shopping-cart-inline inline-template>\n\t<div class=\"press-shopping-cart-inline\"  v-bind:class=\"{ 'isNotSelected': !isSelected, 'isSelected': isSelected }\">\n\t\t<script type=\"application\/json\" ref=\"data\">\n{\n\"id\" : \"162776\",\n\"type\" : \"image\",\n\"snackbar_added\" : \"Zu Downloads hinzugef\u00fcgt\",\n\"snackbar_removed\" : \"Aus Downloads gel\u00f6scht\",\n\"snackbar_link\" : \"https:\/\/www.humboldtforum.org\/de\/presse\/download\/\",\n\"additional_data\" : null,\n\"name\" : \"\"}\n\t\t<\/script>\n\t\t<div class=\"vue-initialize\" ref=\"item\">\n\t\t\t<button class=\"button-with-icon\" :class=\"{hidden:isSelected}\" @click=\"add\"><span class=\"button-icon icon-plus\" aria-hidden=\"true\"><\/span><span class=\"button-label\">zu Downloads hinzuf\u00fcgen<\/span><\/button>\n\t\t\t<button class=\"button-with-icon rem\" :class=\"{hidden:!isSelected}\" @click=\"remove\"><span class=\"button-icon icon-close\" aria-hidden=\"true\"><\/span><span class=\"button-label\">aus downloads entfernen<\/span><\/button>\n\t\t<\/div>\n\t<\/div>\n<\/press-shopping-cart-inline>\n\t\t\t\t<\/div>\n\t\t\t<\/div>\n\t\t\t\t\t\t<div class=\"block-press-item col-xs-6 col-md-3\">\n\t\t\t\t<div class=\"box\">\n\t\t\t\t\n\t<lazy-media-inline inline-template>\n\t\t<figure itemscope itemtype=\"http:\/\/schema.org\/ImageObject\" class=\"lazy-media-inline \" role=\"group\" id=\"media_69f3a4903bfff\" aria-labelledby=\"desc_media_69f3a4903bfff\">\n\t\t\t<script type=\"application\/json\" ref=\"data\">\n\t\t\t\t{\n\t\t\t\t\"sizes\" : {\"medium\":{\"file\":\"SHF_eb00265312-1-300x199.jpg\",\"width\":300,\"height\":199,\"mime-type\":\"image\\\/jpeg\",\"filesize\":7049},\"large\":{\"file\":\"SHF_eb00265312-1-1024x679.jpg\",\"width\":1024,\"height\":679,\"mime-type\":\"image\\\/jpeg\",\"filesize\":51054},\"thumbnail\":{\"file\":\"SHF_eb00265312-1-150x150.jpg\",\"width\":150,\"height\":150,\"mime-type\":\"image\\\/jpeg\",\"filesize\":3728},\"medium_large\":{\"file\":\"SHF_eb00265312-1-768x509.jpg\",\"width\":768,\"height\":509,\"mime-type\":\"image\\\/jpeg\",\"filesize\":31464},\"small\":{\"file\":\"SHF_eb00265312-1-440x292.jpg\",\"width\":440,\"height\":292,\"mime-type\":\"image\\\/jpeg\",\"filesize\":12592},\"semi\":{\"file\":\"SHF_eb00265312-1-580x385.jpg\",\"width\":580,\"height\":385,\"mime-type\":\"image\\\/jpeg\",\"filesize\":20025},\"mobile\":{\"file\":\"SHF_eb00265312-1-720x477.jpg\",\"width\":720,\"height\":477,\"mime-type\":\"image\\\/jpeg\",\"filesize\":28148},\"hd\":{\"file\":\"SHF_eb00265312-1-1280x849.jpg\",\"width\":1280,\"height\":849,\"mime-type\":\"image\\\/jpeg\",\"filesize\":75625},\"full\":{\"file\":\"SHF_eb00265312-1-1920x1273.jpg\",\"width\":1920,\"height\":1273,\"mime-type\":\"image\\\/jpeg\",\"filesize\":155753},\"xxl\":{\"file\":\"SHF_eb00265312-1-4048x2684.jpg\",\"width\":4048,\"height\":2684,\"mime-type\":\"image\\\/jpeg\",\"filesize\":649342},\"1536x1536\":{\"file\":\"SHF_eb00265312-1-1536x1019.jpg\",\"width\":1536,\"height\":1019,\"mime-type\":\"image\\\/jpeg\",\"filesize\":104446},\"2048x2048\":{\"file\":\"SHF_eb00265312-1-2048x1358.jpg\",\"width\":2048,\"height\":1358,\"mime-type\":\"image\\\/jpeg\",\"filesize\":175062},\"original\":{\"file\":\"SHF_eb00265312-1.jpg\",\"width\":4524,\"height\":3000}},\n\t\t\t\t\"alt\" : \"Fernsehturm Berlin, sichtbar neben einer Wand mit einem Pfeil, der nach links zeigt, vor einem bew\\u00f6lkten Himmel.\",\n\t\t\t\t\"path\" : \"\\\/wp-content\\\/uploads\\\/2026\\\/03\\\/\",\n\t\t\t\t\"video\" : null,\n\t\t\t\t\"autoplay\" : null,\n\t\t\t\t\"youtube\" : null,\n\t\t\t\t\"youtubelabel\" : \"Video abspielen\",\n\t\t\t\t\"brightness\" : 100,\n\t\t\t\t\"crop\" : {\"top\":\"57.70\",\"left\":\"69.29\"},\n\t\t\t\t\"background\" : true,\n\t\t\t\t\"scale\" : 2\t\t\t\t}\n\t\t\t<\/script>\n\n\t\t\t<div class=\"height-container\" style=\"padding-bottom:66.31299734748%;\" v-if=\"sizes\">\n\t\t\t\t\t\t\t\t<lazy-media :inline=\"true\" :alt=\"alt\" :sizes=\"sizes\" :scale=\"scale\" :brightness=\"brightness\" :path=\"path\" :video=\"video\" :autoplay=\"autoplay\" :youtube=\"youtube\" :crop=\"crop\" :youtubelabel=\"youtubelabel\" :background=\"background\" media-id=\"desc_media_69f3a4903bfff\"><\/lazy-media>\n\t\t\t\t\t\t\t<\/div>\n\n\t\t\t\t\t\t\t<figcaption class=\"lazy-info-margin-exception\" id=\"desc_media_69f3a4903bfff\">\n\t\t\t\t\t<div class=\"lazy-media-info-body-content\">\n\t\t\t\t\t\t\t\t\t\t\t\t\t\t\t\t\t\t\t<div>Kunst am Bau: S&uuml;dpfeil von J&uuml;rgen Mayer H. an der Nordostfassade des Humboldt Forums <\/div>\n\t\t\t\t\t\t\t\t\t\t\t\t\t\t\t\t\t\t\t<div class=\"insignificant\">\u00a9 J\u00fcrgen Mayer H., S\u00fcdpfeil, 2026 \/ Stiftung Humboldt Forum im Berliner Schloss, Foto: David von Becker<\/div>\n\t\t\t\t\t\t\t\t\t\t\t<\/div>\n\t\t\t\t<\/figcaption>\n\t\t\t\t\t\t\t\t\t<\/figure>\n\t<\/lazy-media-inline>\n<press-shopping-cart-inline inline-template>\n\t<div class=\"press-shopping-cart-inline\"  v-bind:class=\"{ 'isNotSelected': !isSelected, 'isSelected': isSelected }\">\n\t\t<script type=\"application\/json\" ref=\"data\">\n{\n\"id\" : \"162770\",\n\"type\" : \"image\",\n\"snackbar_added\" : \"Zu Downloads hinzugef\u00fcgt\",\n\"snackbar_removed\" : \"Aus Downloads gel\u00f6scht\",\n\"snackbar_link\" : \"https:\/\/www.humboldtforum.org\/de\/presse\/download\/\",\n\"additional_data\" : null,\n\"name\" : \"\"}\n\t\t<\/script>\n\t\t<div class=\"vue-initialize\" ref=\"item\">\n\t\t\t<button class=\"button-with-icon\" :class=\"{hidden:isSelected}\" @click=\"add\"><span class=\"button-icon icon-plus\" aria-hidden=\"true\"><\/span><span class=\"button-label\">zu Downloads hinzuf\u00fcgen<\/span><\/button>\n\t\t\t<button class=\"button-with-icon rem\" :class=\"{hidden:!isSelected}\" @click=\"remove\"><span class=\"button-icon icon-close\" aria-hidden=\"true\"><\/span><span class=\"button-label\">aus downloads entfernen<\/span><\/button>\n\t\t<\/div>\n\t<\/div>\n<\/press-shopping-cart-inline>\n\t\t\t\t<\/div>\n\t\t\t<\/div>\n\t\t\t\t\t\t<div class=\"block-press-item col-xs-6 col-md-3\">\n\t\t\t\t<div class=\"box\">\n\t\t\t\t\n\t<lazy-media-inline inline-template>\n\t\t<figure itemscope itemtype=\"http:\/\/schema.org\/ImageObject\" class=\"lazy-media-inline \" role=\"group\" id=\"media_69f3a4903c248\" aria-labelledby=\"desc_media_69f3a4903c248\">\n\t\t\t<script type=\"application\/json\" ref=\"data\">\n\t\t\t\t{\n\t\t\t\t\"sizes\" : {\"medium\":{\"file\":\"SHF_eb00265325-1-200x300.jpg\",\"width\":200,\"height\":300,\"mime-type\":\"image\\\/jpeg\",\"filesize\":13943},\"large\":{\"file\":\"SHF_eb00265325-1-682x1024.jpg\",\"width\":682,\"height\":1024,\"mime-type\":\"image\\\/jpeg\",\"filesize\":92786},\"thumbnail\":{\"file\":\"SHF_eb00265325-1-150x150.jpg\",\"width\":150,\"height\":150,\"mime-type\":\"image\\\/jpeg\",\"filesize\":7010},\"medium_large\":{\"file\":\"SHF_eb00265325-1-768x1153.jpg\",\"width\":768,\"height\":1153,\"mime-type\":\"image\\\/jpeg\",\"filesize\":111311},\"small\":{\"file\":\"SHF_eb00265325-1-293x440.jpg\",\"width\":293,\"height\":440,\"mime-type\":\"image\\\/jpeg\",\"filesize\":25283},\"semi\":{\"file\":\"SHF_eb00265325-1-386x580.jpg\",\"width\":386,\"height\":580,\"mime-type\":\"image\\\/jpeg\",\"filesize\":38920},\"mobile\":{\"file\":\"SHF_eb00265325-1-480x720.jpg\",\"width\":480,\"height\":720,\"mime-type\":\"image\\\/jpeg\",\"filesize\":53695},\"hd\":{\"file\":\"SHF_eb00265325-1-853x1280.jpg\",\"width\":853,\"height\":1280,\"mime-type\":\"image\\\/jpeg\",\"filesize\":131106},\"full\":{\"file\":\"SHF_eb00265325-1-1279x1920.jpg\",\"width\":1279,\"height\":1920,\"mime-type\":\"image\\\/jpeg\",\"filesize\":249387},\"xxl\":{\"file\":\"SHF_eb00265325-1-2696x4048.jpg\",\"width\":2696,\"height\":4048,\"mime-type\":\"image\\\/jpeg\",\"filesize\":936801},\"1536x1536\":{\"file\":\"SHF_eb00265325-1-1023x1536.jpg\",\"width\":1023,\"height\":1536,\"mime-type\":\"image\\\/jpeg\",\"filesize\":173628},\"2048x2048\":{\"file\":\"SHF_eb00265325-1-1364x2048.jpg\",\"width\":1364,\"height\":2048,\"mime-type\":\"image\\\/jpeg\",\"filesize\":278587},\"original\":{\"file\":\"SHF_eb00265325-1.jpg\",\"width\":3000,\"height\":4504}},\n\t\t\t\t\"alt\" : \"Zwei M\\u00e4nner posieren vor einem modernen Geb\\u00e4ude mit B\\u00e4umen und Fenstern im Hintergrund f\\u00fcr ein Foto.\",\n\t\t\t\t\"path\" : \"\\\/wp-content\\\/uploads\\\/2026\\\/03\\\/\",\n\t\t\t\t\"video\" : null,\n\t\t\t\t\"autoplay\" : null,\n\t\t\t\t\"youtube\" : null,\n\t\t\t\t\"youtubelabel\" : \"Video abspielen\",\n\t\t\t\t\"brightness\" : 100,\n\t\t\t\t\"crop\" : null,\n\t\t\t\t\"background\" : true,\n\t\t\t\t\"scale\" : 2\t\t\t\t}\n\t\t\t<\/script>\n\n\t\t\t<div class=\"height-container\" style=\"padding-bottom:150.13333333333%;\" v-if=\"sizes\">\n\t\t\t\t\t\t\t\t<lazy-media :inline=\"true\" :alt=\"alt\" :sizes=\"sizes\" :scale=\"scale\" :brightness=\"brightness\" :path=\"path\" :video=\"video\" :autoplay=\"autoplay\" :youtube=\"youtube\" :crop=\"crop\" :youtubelabel=\"youtubelabel\" :background=\"background\" media-id=\"desc_media_69f3a4903c248\"><\/lazy-media>\n\t\t\t\t\t\t\t<\/div>\n\n\t\t\t\t\t\t\t<figcaption class=\"lazy-info-margin-exception\" id=\"desc_media_69f3a4903c248\">\n\t\t\t\t\t<div class=\"lazy-media-info-body-content\">\n\t\t\t\t\t\t\t\t\t\t\t\t\t\t\t\t\t\t\t<div>K&uuml;nstler und Architekt J&uuml;rgen Mayer H. (links) und Generalintendant des Humboldt Forums Hartmut Dorgerloh (rechts) <\/div>\n\t\t\t\t\t\t\t\t\t\t\t\t\t\t\t\t\t\t\t<div class=\"insignificant\">\u00a9 Stiftung Humboldt Forum im Berliner Schloss, Foto: David von Becker<\/div>\n\t\t\t\t\t\t\t\t\t\t\t<\/div>\n\t\t\t\t<\/figcaption>\n\t\t\t\t\t\t\t\t\t<\/figure>\n\t<\/lazy-media-inline>\n<press-shopping-cart-inline inline-template>\n\t<div class=\"press-shopping-cart-inline\"  v-bind:class=\"{ 'isNotSelected': !isSelected, 'isSelected': isSelected }\">\n\t\t<script type=\"application\/json\" ref=\"data\">\n{\n\"id\" : \"162843\",\n\"type\" : \"image\",\n\"snackbar_added\" : \"Zu Downloads hinzugef\u00fcgt\",\n\"snackbar_removed\" : \"Aus Downloads gel\u00f6scht\",\n\"snackbar_link\" : \"https:\/\/www.humboldtforum.org\/de\/presse\/download\/\",\n\"additional_data\" : null,\n\"name\" : \"\"}\n\t\t<\/script>\n\t\t<div class=\"vue-initialize\" ref=\"item\">\n\t\t\t<button class=\"button-with-icon\" :class=\"{hidden:isSelected}\" @click=\"add\"><span class=\"button-icon icon-plus\" aria-hidden=\"true\"><\/span><span class=\"button-label\">zu Downloads hinzuf\u00fcgen<\/span><\/button>\n\t\t\t<button class=\"button-with-icon rem\" :class=\"{hidden:!isSelected}\" @click=\"remove\"><span class=\"button-icon icon-close\" aria-hidden=\"true\"><\/span><span class=\"button-label\">aus downloads entfernen<\/span><\/button>\n\t\t<\/div>\n\t<\/div>\n<\/press-shopping-cart-inline>\n\t\t\t\t<\/div>\n\t\t\t<\/div>\n\t\t\t\t\t\t<div class=\"block-press-item col-xs-6 col-md-3\">\n\t\t\t\t<div class=\"box\">\n\t\t\t\t\n\t<lazy-media-inline inline-template>\n\t\t<figure itemscope itemtype=\"http:\/\/schema.org\/ImageObject\" class=\"lazy-media-inline \" role=\"group\" id=\"media_69f3a4903c4bd\" aria-labelledby=\"desc_media_69f3a4903c4bd\">\n\t\t\t<script type=\"application\/json\" ref=\"data\">\n\t\t\t\t{\n\t\t\t\t\"sizes\" : {\"medium\":{\"file\":\"SHF_eb00265324-1-300x201.jpg\",\"width\":300,\"height\":201,\"mime-type\":\"image\\\/jpeg\",\"filesize\":10781},\"large\":{\"file\":\"SHF_eb00265324-1-1024x685.jpg\",\"width\":1024,\"height\":685,\"mime-type\":\"image\\\/jpeg\",\"filesize\":103405},\"thumbnail\":{\"file\":\"SHF_eb00265324-1-150x150.jpg\",\"width\":150,\"height\":150,\"mime-type\":\"image\\\/jpeg\",\"filesize\":4783},\"medium_large\":{\"file\":\"SHF_eb00265324-1-768x514.jpg\",\"width\":768,\"height\":514,\"mime-type\":\"image\\\/jpeg\",\"filesize\":60432},\"small\":{\"file\":\"SHF_eb00265324-1-440x294.jpg\",\"width\":440,\"height\":294,\"mime-type\":\"image\\\/jpeg\",\"filesize\":21151},\"semi\":{\"file\":\"SHF_eb00265324-1-580x388.jpg\",\"width\":580,\"height\":388,\"mime-type\":\"image\\\/jpeg\",\"filesize\":35798},\"mobile\":{\"file\":\"SHF_eb00265324-1-720x481.jpg\",\"width\":720,\"height\":481,\"mime-type\":\"image\\\/jpeg\",\"filesize\":53082},\"hd\":{\"file\":\"SHF_eb00265324-1-1280x856.jpg\",\"width\":1280,\"height\":856,\"mime-type\":\"image\\\/jpeg\",\"filesize\":157560},\"full\":{\"file\":\"SHF_eb00265324-1-1920x1284.jpg\",\"width\":1920,\"height\":1284,\"mime-type\":\"image\\\/jpeg\",\"filesize\":344169},\"xxl\":{\"file\":\"SHF_eb00265324-1-4048x2707.jpg\",\"width\":4048,\"height\":2707,\"mime-type\":\"image\\\/jpeg\",\"filesize\":1412276},\"1536x1536\":{\"file\":\"SHF_eb00265324-1-1536x1027.jpg\",\"width\":1536,\"height\":1027,\"mime-type\":\"image\\\/jpeg\",\"filesize\":224328},\"2048x2048\":{\"file\":\"SHF_eb00265324-1-2048x1370.jpg\",\"width\":2048,\"height\":1370,\"mime-type\":\"image\\\/jpeg\",\"filesize\":390952},\"original\":{\"file\":\"SHF_eb00265324-1.jpg\",\"width\":4486,\"height\":3000}},\n\t\t\t\t\"alt\" : \"Moderne Architektur vereint sich mit historischen Geb\\u00e4uden am Wasser. Spazierg\\u00e4nger genie\\u00dfen den Platz und die Aussicht.\",\n\t\t\t\t\"path\" : \"\\\/wp-content\\\/uploads\\\/2026\\\/03\\\/\",\n\t\t\t\t\"video\" : null,\n\t\t\t\t\"autoplay\" : null,\n\t\t\t\t\"youtube\" : null,\n\t\t\t\t\"youtubelabel\" : \"Video abspielen\",\n\t\t\t\t\"brightness\" : 100,\n\t\t\t\t\"crop\" : null,\n\t\t\t\t\"background\" : true,\n\t\t\t\t\"scale\" : 2\t\t\t\t}\n\t\t\t<\/script>\n\n\t\t\t<div class=\"height-container\" style=\"padding-bottom:66.874721355328%;\" v-if=\"sizes\">\n\t\t\t\t\t\t\t\t<lazy-media :inline=\"true\" :alt=\"alt\" :sizes=\"sizes\" :scale=\"scale\" :brightness=\"brightness\" :path=\"path\" :video=\"video\" :autoplay=\"autoplay\" :youtube=\"youtube\" :crop=\"crop\" :youtubelabel=\"youtubelabel\" :background=\"background\" media-id=\"desc_media_69f3a4903c4bd\"><\/lazy-media>\n\t\t\t\t\t\t\t<\/div>\n\n\t\t\t\t\t\t\t<figcaption class=\"lazy-info-margin-exception\" id=\"desc_media_69f3a4903c4bd\">\n\t\t\t\t\t<div class=\"lazy-media-info-body-content\">\n\t\t\t\t\t\t\t\t\t\t\t\t\t\t\t\t\t\t\t<div>Kunst am Bau: S&uuml;dpfeil von J&uuml;rgen Mayer H. an der Nordostfassade des Humboldt Forums <\/div>\n\t\t\t\t\t\t\t\t\t\t\t\t\t\t\t\t\t\t\t<div class=\"insignificant\">\u00a9 J\u00fcrgen Mayer H., S\u00fcdpfeil, 2026 \/ Stiftung Humboldt Forum im Berliner Schloss, Foto: David von Becker<\/div>\n\t\t\t\t\t\t\t\t\t\t\t<\/div>\n\t\t\t\t<\/figcaption>\n\t\t\t\t\t\t\t\t\t<\/figure>\n\t<\/lazy-media-inline>\n<press-shopping-cart-inline inline-template>\n\t<div class=\"press-shopping-cart-inline\"  v-bind:class=\"{ 'isNotSelected': !isSelected, 'isSelected': isSelected }\">\n\t\t<script type=\"application\/json\" ref=\"data\">\n{\n\"id\" : \"162845\",\n\"type\" : \"image\",\n\"snackbar_added\" : \"Zu Downloads hinzugef\u00fcgt\",\n\"snackbar_removed\" : \"Aus Downloads gel\u00f6scht\",\n\"snackbar_link\" : \"https:\/\/www.humboldtforum.org\/de\/presse\/download\/\",\n\"additional_data\" : null,\n\"name\" : \"\"}\n\t\t<\/script>\n\t\t<div class=\"vue-initialize\" ref=\"item\">\n\t\t\t<button class=\"button-with-icon\" :class=\"{hidden:isSelected}\" @click=\"add\"><span class=\"button-icon icon-plus\" aria-hidden=\"true\"><\/span><span class=\"button-label\">zu Downloads hinzuf\u00fcgen<\/span><\/button>\n\t\t\t<button class=\"button-with-icon rem\" :class=\"{hidden:!isSelected}\" @click=\"remove\"><span class=\"button-icon icon-close\" aria-hidden=\"true\"><\/span><span class=\"button-label\">aus downloads entfernen<\/span><\/button>\n\t\t<\/div>\n\t<\/div>\n<\/press-shopping-cart-inline>\n\t\t\t\t<\/div>\n\t\t\t<\/div>\n\t\t\t\t\t\t<div class=\"block-press-item col-xs-6 col-md-3\">\n\t\t\t\t<div class=\"box\">\n\t\t\t\t\n\t<lazy-media-inline inline-template>\n\t\t<figure itemscope itemtype=\"http:\/\/schema.org\/ImageObject\" class=\"lazy-media-inline \" role=\"group\" id=\"media_69f3a4903c726\" aria-labelledby=\"desc_media_69f3a4903c726\">\n\t\t\t<script type=\"application\/json\" ref=\"data\">\n\t\t\t\t{\n\t\t\t\t\"sizes\" : {\"medium\":{\"file\":\"SHF_eb00265323-1-200x300.jpg\",\"width\":200,\"height\":300,\"mime-type\":\"image\\\/jpeg\",\"filesize\":10794},\"large\":{\"file\":\"SHF_eb00265323-1-681x1024.jpg\",\"width\":681,\"height\":1024,\"mime-type\":\"image\\\/jpeg\",\"filesize\":95398},\"thumbnail\":{\"file\":\"SHF_eb00265323-1-150x150.jpg\",\"width\":150,\"height\":150,\"mime-type\":\"image\\\/jpeg\",\"filesize\":5498},\"medium_large\":{\"file\":\"SHF_eb00265323-1-768x1154.jpg\",\"width\":768,\"height\":1154,\"mime-type\":\"image\\\/jpeg\",\"filesize\":117429},\"small\":{\"file\":\"SHF_eb00265323-1-293x440.jpg\",\"width\":293,\"height\":440,\"mime-type\":\"image\\\/jpeg\",\"filesize\":21307},\"semi\":{\"file\":\"SHF_eb00265323-1-386x580.jpg\",\"width\":386,\"height\":580,\"mime-type\":\"image\\\/jpeg\",\"filesize\":35519},\"mobile\":{\"file\":\"SHF_eb00265323-1-479x720.jpg\",\"width\":479,\"height\":720,\"mime-type\":\"image\\\/jpeg\",\"filesize\":50455},\"hd\":{\"file\":\"SHF_eb00265323-1-852x1280.jpg\",\"width\":852,\"height\":1280,\"mime-type\":\"image\\\/jpeg\",\"filesize\":139977},\"full\":{\"file\":\"SHF_eb00265323-1-1277x1920.jpg\",\"width\":1277,\"height\":1920,\"mime-type\":\"image\\\/jpeg\",\"filesize\":282803},\"xxl\":{\"file\":\"SHF_eb00265323-1-2693x4048.jpg\",\"width\":2693,\"height\":4048,\"mime-type\":\"image\\\/jpeg\",\"filesize\":1038791},\"1536x1536\":{\"file\":\"SHF_eb00265323-1-1022x1536.jpg\",\"width\":1022,\"height\":1536,\"mime-type\":\"image\\\/jpeg\",\"filesize\":191486},\"2048x2048\":{\"file\":\"SHF_eb00265323-1-1363x2048.jpg\",\"width\":1363,\"height\":2048,\"mime-type\":\"image\\\/jpeg\",\"filesize\":317805},\"original\":{\"file\":\"SHF_eb00265323-1.jpg\",\"width\":3000,\"height\":4509}},\n\t\t\t\t\"alt\" : \"Moderne Architektur mit einem schlichten, hellen Geb\\u00e4ude neben klassischer Fassade, umgeben von Steinstufen und Gel\\u00e4nder.\",\n\t\t\t\t\"path\" : \"\\\/wp-content\\\/uploads\\\/2026\\\/03\\\/\",\n\t\t\t\t\"video\" : null,\n\t\t\t\t\"autoplay\" : null,\n\t\t\t\t\"youtube\" : null,\n\t\t\t\t\"youtubelabel\" : \"Video abspielen\",\n\t\t\t\t\"brightness\" : 100,\n\t\t\t\t\"crop\" : null,\n\t\t\t\t\"background\" : true,\n\t\t\t\t\"scale\" : 2\t\t\t\t}\n\t\t\t<\/script>\n\n\t\t\t<div class=\"height-container\" style=\"padding-bottom:150.3%;\" v-if=\"sizes\">\n\t\t\t\t\t\t\t\t<lazy-media :inline=\"true\" :alt=\"alt\" :sizes=\"sizes\" :scale=\"scale\" :brightness=\"brightness\" :path=\"path\" :video=\"video\" :autoplay=\"autoplay\" :youtube=\"youtube\" :crop=\"crop\" :youtubelabel=\"youtubelabel\" :background=\"background\" media-id=\"desc_media_69f3a4903c726\"><\/lazy-media>\n\t\t\t\t\t\t\t<\/div>\n\n\t\t\t\t\t\t\t<figcaption class=\"lazy-info-margin-exception\" id=\"desc_media_69f3a4903c726\">\n\t\t\t\t\t<div class=\"lazy-media-info-body-content\">\n\t\t\t\t\t\t\t\t\t\t\t\t\t\t\t\t\t\t\t<div>Kunst am Bau: S&uuml;dpfeil von J&uuml;rgen Mayer H. an der Nordostfassade des Humboldt Forums <\/div>\n\t\t\t\t\t\t\t\t\t\t\t\t\t\t\t\t\t\t\t<div class=\"insignificant\">\u00a9 J\u00fcrgen Mayer H., S\u00fcdpfeil, 2026 \/ Stiftung Humboldt Forum im Berliner Schloss, Foto: David von Becker<\/div>\n\t\t\t\t\t\t\t\t\t\t\t<\/div>\n\t\t\t\t<\/figcaption>\n\t\t\t\t\t\t\t\t\t<\/figure>\n\t<\/lazy-media-inline>\n<press-shopping-cart-inline inline-template>\n\t<div class=\"press-shopping-cart-inline\"  v-bind:class=\"{ 'isNotSelected': !isSelected, 'isSelected': isSelected }\">\n\t\t<script type=\"application\/json\" ref=\"data\">\n{\n\"id\" : \"162848\",\n\"type\" : \"image\",\n\"snackbar_added\" : \"Zu Downloads hinzugef\u00fcgt\",\n\"snackbar_removed\" : \"Aus Downloads gel\u00f6scht\",\n\"snackbar_link\" : \"https:\/\/www.humboldtforum.org\/de\/presse\/download\/\",\n\"additional_data\" : null,\n\"name\" : \"\"}\n\t\t<\/script>\n\t\t<div class=\"vue-initialize\" ref=\"item\">\n\t\t\t<button class=\"button-with-icon\" :class=\"{hidden:isSelected}\" @click=\"add\"><span class=\"button-icon icon-plus\" aria-hidden=\"true\"><\/span><span class=\"button-label\">zu Downloads hinzuf\u00fcgen<\/span><\/button>\n\t\t\t<button class=\"button-with-icon rem\" :class=\"{hidden:!isSelected}\" @click=\"remove\"><span class=\"button-icon icon-close\" aria-hidden=\"true\"><\/span><span class=\"button-label\">aus downloads entfernen<\/span><\/button>\n\t\t<\/div>\n\t<\/div>\n<\/press-shopping-cart-inline>\n\t\t\t\t<\/div>\n\t\t\t<\/div>\n\t\t\t\t\t<\/div>\n\t<\/div>\n\t<\/section>\n\n\n\n\n\n<section class=\"block block-button\">\n\t<div class=\"container-fluid\">\n\t\t<div class=\"row\">\n\t\t\t<div class=\"block-press-item col-xs\">\n\t\t\t\t<div class=\"box center-xs\">\n\t\t\t\t\t<block-press-download-button inline-template>\n\t\t\t\t\t\t<button class=\"button-with-icon border\" @click=\"addAll\"><span class=\"button-icon icon-plus\" aria-hidden=\"true\"><\/span><span class=\"button-label\">Mitteilung zu Downloads hinzuf\u00fcgen<\/span><\/button>\n\t\t\t\t\t<\/block-press-download-button>\n\t\t\t\t<\/div>\n\t\t\t<\/div>\n\t\t<\/div>\n\t<\/div>\n<\/section>","protected":false},"excerpt":{"rendered":"","protected":false},"featured_media":162770,"template":"","class_list":["post-161444","pressstatement","type-pressstatement","status-publish","has-post-thumbnail","hentry"],"acf":[],"_links":{"self":[{"href":"https:\/\/www.humboldtforum.org\/de\/wp-json\/wp\/v2\/pressstatement\/161444","targetHints":{"allow":["GET"]}}],"collection":[{"href":"https:\/\/www.humboldtforum.org\/de\/wp-json\/wp\/v2\/pressstatement"}],"about":[{"href":"https:\/\/www.humboldtforum.org\/de\/wp-json\/wp\/v2\/types\/pressstatement"}],"version-history":[{"count":11,"href":"https:\/\/www.humboldtforum.org\/de\/wp-json\/wp\/v2\/pressstatement\/161444\/revisions"}],"predecessor-version":[{"id":162859,"href":"https:\/\/www.humboldtforum.org\/de\/wp-json\/wp\/v2\/pressstatement\/161444\/revisions\/162859"}],"wp:featuredmedia":[{"embeddable":true,"href":"https:\/\/www.humboldtforum.org\/de\/wp-json\/wp\/v2\/media\/162770"}],"wp:attachment":[{"href":"https:\/\/www.humboldtforum.org\/de\/wp-json\/wp\/v2\/media?parent=161444"}],"curies":[{"name":"wp","href":"https:\/\/api.w.org\/{rel}","templated":true}]}}