{"id":161856,"date":"2026-04-01T11:02:42","date_gmt":"2026-04-01T09:02:42","guid":{"rendered":"https:\/\/www.humboldtforum.org\/?post_type=pressstatement&#038;p=161856"},"modified":"2026-04-01T11:06:32","modified_gmt":"2026-04-01T09:06:32","slug":"dear-museum-theaterperformance-von-albert-ibokwe-khozasuedafrika-im-mai-juni-2026-im-humboldt-forum","status":"publish","type":"pressstatement","link":"https:\/\/www.humboldtforum.org\/de\/presse\/mitteilungen\/dear-museum-theaterperformance-von-albert-ibokwe-khozasuedafrika-im-mai-juni-2026-im-humboldt-forum\/","title":{"rendered":"Dear Museum!  Theaterperformance von Albert Ibokwe Khoza(S\u00fcdafrika) im Mai\/Juni 2026 im Humboldt Forum"},"content":{"rendered":"<section class=\"block block-header-headline hyph-disable\" >\n    <div class=\"container-fluid\">\n        <div class=\"row\">\n\t\t\t\t\t\t\t<div class=\"col-xs-12 col-md-offset-2 col-md-8\">\n\t\t\t\t\t<div class=\"box\">\n\t\t\t\t\t\t<div class=\"subline\">Pressemitteilung I 1. April 2026<\/div>\n\t\t\t\t\t<\/div>\n\t\t\t\t<\/div>\n\t\t\t\n                            <div class=\"col-xs-12 col-md-offset-2 col-md-8\">\n                    <div class=\"box\">\n                        <h1>Dear Museum!  Theaterperformance von Albert Ibokwe Khoza (S\u00fcdafrika) im Mai\/Juni 2026 im Humboldt Forum<\/h1>\n                    <\/div>\n                <\/div>\n                    <\/div>\n    <\/div>\n<\/section>\n\n\n\n\n<section class=\"block block-header\" >\n\t<block-header inline-template>\n\t\t<figure role=\"group\" aria-labelledby=\"desc_m_69ee8ace78e98\">\n\n\t\t\t<script type=\"application\/json\" ref=\"data\">\n\t\t\t\t{\n\t\t\t\t\"sizes_d\" : {\"medium\":{\"file\":\"SHF_eb00260961-298x300.jpg\",\"width\":298,\"height\":300,\"mime-type\":\"image\\\/jpeg\",\"filesize\":24463},\"large\":{\"file\":\"SHF_eb00260961-1017x1024.jpg\",\"width\":1017,\"height\":1024,\"mime-type\":\"image\\\/jpeg\",\"filesize\":177049},\"thumbnail\":{\"file\":\"SHF_eb00260961-150x150.jpg\",\"width\":150,\"height\":150,\"mime-type\":\"image\\\/jpeg\",\"filesize\":7874},\"medium_large\":{\"file\":\"SHF_eb00260961-768x773.jpg\",\"width\":768,\"height\":773,\"mime-type\":\"image\\\/jpeg\",\"filesize\":114832},\"small\":{\"file\":\"SHF_eb00260961-437x440.jpg\",\"width\":437,\"height\":440,\"mime-type\":\"image\\\/jpeg\",\"filesize\":45596},\"semi\":{\"file\":\"SHF_eb00260961-576x580.jpg\",\"width\":576,\"height\":580,\"mime-type\":\"image\\\/jpeg\",\"filesize\":72175},\"mobile\":{\"file\":\"SHF_eb00260961-715x720.jpg\",\"width\":715,\"height\":720,\"mime-type\":\"image\\\/jpeg\",\"filesize\":102335},\"original\":{\"file\":\"SHF_eb00260961.jpg\",\"width\":1271,\"height\":1280}},\n\t\t\t\t\"alt_d\" : \"Eine Person mit auff\\u00e4lligem Kopfschmuck, bunten Accessoires und blauem Lippenstift posiert vor einer pinken Wand.\",\n\t\t\t\t\"path_d\" : \"\\\/wp-content\\\/uploads\\\/2026\\\/03\\\/\",\n\t\t\t\t\"autoplay_d\" : null,\n\t\t\t\t\"crop_d\" : null,\n\t\t\t\t\"background_d\" : true,\n\t\t\t\t\"scale_d\" : 1,\n\n\t\t\t\t\"sizes_m\" : [],\n\t\t\t\t\"alt_m\" : null,\n\t\t\t\t\"path_m\" : null,\n\t\t\t\t\"autoplay_m\" : null,\n\t\t\t\t\"crop_m\" : null,\n\t\t\t\t\"background_m\" : true,\n\t\t\t\t\"scale_m\" : 1,\n\n\t\t\t\t\"has_mobile_format\" : false,\n\t\t\t\t\"has_ad\" : false,\n\t\t\t\t\"audio_description_yt\" : null\t\t\t\t}\n\t\t\t<\/script>\n\t\t\t<div class=\"height-container\" style=\"padding-bottom:100.70810385523%;\" v-if=\"sizes\" data-motion-parallax='{\"child\":\".image-wrapper\",\"mask\":\".lazy-media\",\"tween\":{\"yPercent\": [-15,15]}}'>\n\t\t\t\t<lazy-media :inline=\"true\" :scale=\"scale\" :alt=\"alt\" :sizes=\"sizes\" :brightness=\"brightness\" :path=\"path\" :video=\"video\" :autoplay=\"autoplay\" :youtube=\"youtube\" :crop=\"crop\" :youtubelabel=\"youtubelabel\" :background=\"background\" media-id=\"desc_m_69ee8ace78e98\"><\/lazy-media>\n\t\t\t\t<button class=\"autoplay-audio-description-btn icon-background icon-audio-describtions\" @click=\"audioDescriptionPlay\" v-if=\"hasAudioDescription\" aria-label=\"Audiodeskription aufrufen\"><\/button>\n\t\t\t<\/div>\n\t\t\t\t\t\t<div class=\"lazy-media-info-container-fluid\">\n\t\t\t\t<div class=\"lazy-media-info-row end-xs\">\n\t\t\t\t\t<div class=\"lazy-media-info-col\">\n\t\t\t\t\t\t<div class=\"lazy-media-info\" aria-expanded=\"false\" :aria-expanded=\"isOpen ? 'true' : 'false'\">\n\t\t\t\t\t\t\t<button class=\"lazy-media-info-head button-tiny insignificant\" :class=\"{'button-active': isOpen}\" @click=\"toggle\" ref=\"head\"><span class=\"button-label insignificant\">Bildinfo<\/span><\/button>\n\t\t\t\t\t\t\t<figcaption class=\"lazy-media-info-body\" ref=\"body\" id=\"desc_m_69ee8ace78e98\">\n\t\t\t\t\t\t\t\t<div class=\"lazy-media-info-body-content\">\n\t\t\t\t\t\t\t\t\t<div>Portr&auml;t Performance-K&uuml;nstler*in Albert Ibokwe Khoza f&uuml;r die Eigenproduktion &quot;Dear Museum!&quot;<\/div>\t\t\t\t\t\t\t\t\t\t\t\t\t\t\t\t\t\t<div class=\"insignificant\">\u00a9 African Entertainers<\/div>\t\t\t\t\t\t\t\t<\/div>\n\t\t\t\t\t\t\t<\/figcaption>\n\t\t\t\t\t\t\t<div class=\"lazy-media-info-head-border\"><\/div>\n\t\t\t\t\t\t<\/div>\n\t\t\t\t\t<\/div>\n\t\t\t\t<\/div>\n\t\t\t<\/div>\n\t\t\t\t\t<\/figure>\n\t<\/block-header>\n<\/section>\n\n<section class=\"block block-copy\" >\n    <div class=\"container-fluid\">\n\t\t<div class=\"row \">\n            <div class=\"col-xs-12 col-md-offset-2 col-md-8\">\n                <div class=\"box\">\n                    <div class=\"copy\"><p>Welche Leben und Geschichten sind mit den Objekten in den Museen verbunden? Was bleibt unsichtbar und ungesagt? Und wie k\u00f6nnten die Kulturg\u00fcter zu uns sprechen? <em>Dear Museum! <\/em>\u00a0ist eine neue Arbeit von Albert Ibokwe Khoza, Performancek\u00fcnstler*in aus S\u00fcdafrika, eine Auftragsarbeit der Stiftung Humboldt Forum in Zusammenarbeit mit African Entertainers, Johannesburg. <em>Dear Museum! <\/em>\u00a0ist ein Liebesbrief und zugleich ein Abschiedsbrief an die ethnologische Museumspraxis. Die Performance hinterfragt diese und sp\u00fcrt den Leerstellen in den Sammlungspr\u00e4sentationen nach.<br \/>\nNach der aufsehenerregenden Performance THE BLACK CIRCUS OF THE REPUBLIC OF BANTU \u00fcber die kolonialen Menschenzoos im Rahmen des Transkontinentale-Festivals 2024 entwickelt Khoza diese Urauff\u00fchrung speziell f\u00fcr das Humboldt Forum.<\/p>\n<p>Weitere Informationen in der Pressemitteilung sowie <a href=\"https:\/\/www.humboldtforum.org\/de\/programm\/termin\/performance\/dear-museum-161723\/\" target=\"_blank\" rel=\"noopener\">hier<\/a>.<\/p>\n<\/div>\n                <\/div>\n            <\/div>\n\t\t<\/div>\n\t\t    <\/div>\n<\/section>\n\n<section class=\"block block-headline block-no-margin  hyph-disable\" >\n\t<div class=\"container-fluid\">\n\t\t<div class=\"row\">\n\t\t\t\t\t\t\t<div class=\"col-xs-12\">\n\t\t\t\t\t<div class=\"box\">\n\t\t\t\t\t\t<h2 class=\".h3\">PDF<\/h2>\n\t\t\t\t\t<\/div>\n\t\t\t\t<\/div>\n\t\t\t\t\t<\/div>\n\t<\/div>\n<\/section>\n\n\n\n\n\n<section class=\"block block-press-image-select\">\n\t\t\t<div class=\"container-fluid\">\n\t\t\t\t\t\t\t<div class=\"row pdf-row\">\n\t\t\t\t\t<div class=\"block-press-item col-xs-12\">\n\t\t\t\t\t\t<div class=\"box pdf-row-box\">\n\t\t\t\t\t\t\t<h5>Dear Museum! \nTheaterperformance von Albert Ibokwe Khoza (S\u00fcdafrika) im Mai\/Juni 2026 im Humboldt Forum<\/h5>\n\t\t\t\t\t\t\t\t\t\t\t\t\t\t\t<div class=\"subline insignificant\">Pressemitteilung I Stiftung Humboldt Forum im Berliner Schloss<\/div>\n\t\t\t\t\t\t\t\t\t\t\t\t\t\t<div class=\"pdf-row-icons\">\n\t\t\t\t\t\t\t\t<press-shopping-cart-inline inline-template>\n\t<div class=\"press-shopping-cart-inline\"  v-bind:class=\"{ 'isNotSelected': !isSelected, 'isSelected': isSelected }\">\n\t\t<script type=\"application\/json\" ref=\"data\">\n{\n\"id\" : \"161998\",\n\"type\" : \"pdf\",\n\"snackbar_added\" : \"Zu Downloads hinzugef\u00fcgt\",\n\"snackbar_removed\" : \"Aus Downloads gel\u00f6scht\",\n\"snackbar_link\" : \"https:\/\/www.humboldtforum.org\/de\/presse\/download\/\",\n\"additional_data\" : null,\n\"name\" : \"Dear Museum! \\nTheaterperformance von Albert Ibokwe Khoza (S\\u00fcdafrika) im Mai\\\/Juni 2026 im Humboldt Forum\"}\n\t\t<\/script>\n\t\t<div class=\"vue-initialize\" ref=\"item\">\n\t\t\t<button class=\"button-with-icon\" :class=\"{hidden:isSelected}\" @click=\"add\"><span class=\"button-icon icon-plus\" aria-hidden=\"true\"><\/span><span class=\"button-label\">zu Downloads hinzuf\u00fcgen<\/span><\/button>\n\t\t\t<button class=\"button-with-icon rem\" :class=\"{hidden:!isSelected}\" @click=\"remove\"><span class=\"button-icon icon-close\" aria-hidden=\"true\"><\/span><span class=\"button-label\">aus downloads entfernen<\/span><\/button>\n\t\t<\/div>\n\t<\/div>\n<\/press-shopping-cart-inline>\n\t\t\t\t\t\t\t\t<a href=\"https:\/\/www.humboldtforum.org\/wp-content\/uploads\/2026\/04\/20260401_PM_Dear-Museum.pdf\" target=\"_blank\" role=\"button\" class=\"button-with-icon\"><span class=\"button-icon icon-download\" aria-hidden=\"true\"><\/span><span class=\"button-label\">Download<\/span><\/a>\n\t\t\t\t\t\t\t<\/div>\n\t\t\t\t\t\t<\/div>\n\t\t\t\t\t<\/div>\n\t\t\t\t<\/div>\n\t\t\t\t\t<\/div>\n\t<\/section>\n\n\n\n<section class=\"block block-headline block-no-margin  hyph-disable\" >\n\t<div class=\"container-fluid\">\n\t\t<div class=\"row\">\n\t\t\t\t\t\t\t<div class=\"col-xs-12\">\n\t\t\t\t\t<div class=\"box\">\n\t\t\t\t\t\t<h2 class=\".h3\">Bilder<\/h2>\n\t\t\t\t\t<\/div>\n\t\t\t\t<\/div>\n\t\t\t\t\t<\/div>\n\t<\/div>\n<\/section>\n\n\n\n\n\n<section class=\"block block-press-image-select\">\n\t\t<div class=\"container-fluid\">\n\t\t<div class=\"row\">\n\t\t\t\t\t\t<div class=\"block-press-item col-xs-6 col-md-3\">\n\t\t\t\t<div class=\"box\">\n\t\t\t\t\n\t<lazy-media-inline inline-template>\n\t\t<figure itemscope itemtype=\"http:\/\/schema.org\/ImageObject\" class=\"lazy-media-inline \" role=\"group\" id=\"media_69ee8ace81ce2\" aria-labelledby=\"desc_media_69ee8ace81ce2\">\n\t\t\t<script type=\"application\/json\" ref=\"data\">\n\t\t\t\t{\n\t\t\t\t\"sizes\" : {\"medium\":{\"file\":\"SHF_eb00260961-298x300.jpg\",\"width\":298,\"height\":300,\"mime-type\":\"image\\\/jpeg\",\"filesize\":24463},\"large\":{\"file\":\"SHF_eb00260961-1017x1024.jpg\",\"width\":1017,\"height\":1024,\"mime-type\":\"image\\\/jpeg\",\"filesize\":177049},\"thumbnail\":{\"file\":\"SHF_eb00260961-150x150.jpg\",\"width\":150,\"height\":150,\"mime-type\":\"image\\\/jpeg\",\"filesize\":7874},\"medium_large\":{\"file\":\"SHF_eb00260961-768x773.jpg\",\"width\":768,\"height\":773,\"mime-type\":\"image\\\/jpeg\",\"filesize\":114832},\"small\":{\"file\":\"SHF_eb00260961-437x440.jpg\",\"width\":437,\"height\":440,\"mime-type\":\"image\\\/jpeg\",\"filesize\":45596},\"semi\":{\"file\":\"SHF_eb00260961-576x580.jpg\",\"width\":576,\"height\":580,\"mime-type\":\"image\\\/jpeg\",\"filesize\":72175},\"mobile\":{\"file\":\"SHF_eb00260961-715x720.jpg\",\"width\":715,\"height\":720,\"mime-type\":\"image\\\/jpeg\",\"filesize\":102335},\"original\":{\"file\":\"SHF_eb00260961.jpg\",\"width\":1271,\"height\":1280}},\n\t\t\t\t\"alt\" : \"Eine Person mit auff\\u00e4lligem Kopfschmuck, bunten Accessoires und blauem Lippenstift posiert vor einer pinken Wand.\",\n\t\t\t\t\"path\" : \"\\\/wp-content\\\/uploads\\\/2026\\\/03\\\/\",\n\t\t\t\t\"video\" : null,\n\t\t\t\t\"autoplay\" : null,\n\t\t\t\t\"youtube\" : null,\n\t\t\t\t\"youtubelabel\" : \"Video abspielen\",\n\t\t\t\t\"brightness\" : 100,\n\t\t\t\t\"crop\" : null,\n\t\t\t\t\"background\" : false,\n\t\t\t\t\"scale\" : 1\t\t\t\t}\n\t\t\t<\/script>\n\n\t\t\t<div class=\"height-container\" style=\"padding-bottom:100.70810385523%;\" v-if=\"sizes\">\n\t\t\t\t\t\t\t\t<lazy-media :inline=\"true\" :alt=\"alt\" :sizes=\"sizes\" :scale=\"scale\" :brightness=\"brightness\" :path=\"path\" :video=\"video\" :autoplay=\"autoplay\" :youtube=\"youtube\" :crop=\"crop\" :youtubelabel=\"youtubelabel\" :background=\"background\" media-id=\"desc_media_69ee8ace81ce2\"><\/lazy-media>\n\t\t\t\t\t\t\t<\/div>\n\n\t\t\t\t\t\t\t<figcaption class=\"lazy-info-margin-exception\" id=\"desc_media_69ee8ace81ce2\">\n\t\t\t\t\t<div class=\"lazy-media-info-body-content\">\n\t\t\t\t\t\t\t\t\t\t\t\t\t<div>Portr&auml;t Performance-K&uuml;nstler*in Albert Ibokwe Khoza f&uuml;r die Eigenproduktion &quot;Dear Museum!&quot;<\/div>\n\t\t\t\t\t\t\t\t\t\t\t\t\t\t\t\t\t\t\t\t\t\t\t\t\t<div class=\"insignificant\">\u00a9 African Entertainers<\/div>\n\t\t\t\t\t\t\t\t\t\t\t<\/div>\n\t\t\t\t<\/figcaption>\n\t\t\t\t\t\t\t\t\t<\/figure>\n\t<\/lazy-media-inline>\n<press-shopping-cart-inline inline-template>\n\t<div class=\"press-shopping-cart-inline\"  v-bind:class=\"{ 'isNotSelected': !isSelected, 'isSelected': isSelected }\">\n\t\t<script type=\"application\/json\" ref=\"data\">\n{\n\"id\" : \"161862\",\n\"type\" : \"image\",\n\"snackbar_added\" : \"Zu Downloads hinzugef\u00fcgt\",\n\"snackbar_removed\" : \"Aus Downloads gel\u00f6scht\",\n\"snackbar_link\" : \"https:\/\/www.humboldtforum.org\/de\/presse\/download\/\",\n\"additional_data\" : null,\n\"name\" : \"Portr\\u00e4t Performance-K\\u00fcnstler*in Albert Ibokwe Khoza f\\u00fcr die Eigenproduktion \\\"Dear Museum!\\\"\"}\n\t\t<\/script>\n\t\t<div class=\"vue-initialize\" ref=\"item\">\n\t\t\t<button class=\"button-with-icon\" :class=\"{hidden:isSelected}\" @click=\"add\"><span class=\"button-icon icon-plus\" aria-hidden=\"true\"><\/span><span class=\"button-label\">zu Downloads hinzuf\u00fcgen<\/span><\/button>\n\t\t\t<button class=\"button-with-icon rem\" :class=\"{hidden:!isSelected}\" @click=\"remove\"><span class=\"button-icon icon-close\" aria-hidden=\"true\"><\/span><span class=\"button-label\">aus downloads entfernen<\/span><\/button>\n\t\t<\/div>\n\t<\/div>\n<\/press-shopping-cart-inline>\n\t\t\t\t<\/div>\n\t\t\t<\/div>\n\t\t\t\t\t\t<div class=\"block-press-item col-xs-6 col-md-3\">\n\t\t\t\t<div class=\"box\">\n\t\t\t\t\n\t<lazy-media-inline inline-template>\n\t\t<figure itemscope itemtype=\"http:\/\/schema.org\/ImageObject\" class=\"lazy-media-inline \" role=\"group\" id=\"media_69ee8ace82047\" aria-labelledby=\"desc_media_69ee8ace82047\">\n\t\t\t<script type=\"application\/json\" ref=\"data\">\n\t\t\t\t{\n\t\t\t\t\"sizes\" : {\"medium\":{\"file\":\"SHF_eb00260967-200x300.jpg\",\"width\":200,\"height\":300,\"mime-type\":\"image\\\/jpeg\",\"filesize\":18653},\"large\":{\"file\":\"SHF_eb00260967-682x1024.jpg\",\"width\":682,\"height\":1024,\"mime-type\":\"image\\\/jpeg\",\"filesize\":122053},\"thumbnail\":{\"file\":\"SHF_eb00260967-150x150.jpg\",\"width\":150,\"height\":150,\"mime-type\":\"image\\\/jpeg\",\"filesize\":8202},\"medium_large\":{\"file\":\"SHF_eb00260967-768x1152.jpg\",\"width\":768,\"height\":1152,\"mime-type\":\"image\\\/jpeg\",\"filesize\":144822},\"small\":{\"file\":\"SHF_eb00260967-293x440.jpg\",\"width\":293,\"height\":440,\"mime-type\":\"image\\\/jpeg\",\"filesize\":34158},\"semi\":{\"file\":\"SHF_eb00260967-387x580.jpg\",\"width\":387,\"height\":580,\"mime-type\":\"image\\\/jpeg\",\"filesize\":52980},\"mobile\":{\"file\":\"SHF_eb00260967-480x720.jpg\",\"width\":480,\"height\":720,\"mime-type\":\"image\\\/jpeg\",\"filesize\":72712},\"original\":{\"file\":\"SHF_eb00260967.jpg\",\"width\":853,\"height\":1280}},\n\t\t\t\t\"alt\" : \"Ein traditionell gekleideter Mensch h\\u00e4lt eine Tasse mit Rauchs\\u00e4ule und Schmuck aus Muscheln und Perlen.\",\n\t\t\t\t\"path\" : \"\\\/wp-content\\\/uploads\\\/2026\\\/03\\\/\",\n\t\t\t\t\"video\" : null,\n\t\t\t\t\"autoplay\" : null,\n\t\t\t\t\"youtube\" : null,\n\t\t\t\t\"youtubelabel\" : \"Video abspielen\",\n\t\t\t\t\"brightness\" : 100,\n\t\t\t\t\"crop\" : null,\n\t\t\t\t\"background\" : false,\n\t\t\t\t\"scale\" : 1\t\t\t\t}\n\t\t\t<\/script>\n\n\t\t\t<div class=\"height-container\" style=\"padding-bottom:150.05861664713%;\" v-if=\"sizes\">\n\t\t\t\t\t\t\t\t<lazy-media :inline=\"true\" :alt=\"alt\" :sizes=\"sizes\" :scale=\"scale\" :brightness=\"brightness\" :path=\"path\" :video=\"video\" :autoplay=\"autoplay\" :youtube=\"youtube\" :crop=\"crop\" :youtubelabel=\"youtubelabel\" :background=\"background\" media-id=\"desc_media_69ee8ace82047\"><\/lazy-media>\n\t\t\t\t\t\t\t<\/div>\n\n\t\t\t\t\t\t\t<figcaption class=\"lazy-info-margin-exception\" id=\"desc_media_69ee8ace82047\">\n\t\t\t\t\t<div class=\"lazy-media-info-body-content\">\n\t\t\t\t\t\t\t\t\t\t\t\t\t<div>Albert Ibokwe Khoza \/ Dear Museum! \/ Urauff&uuml;hrung am 29.05.2026<\/div>\n\t\t\t\t\t\t\t\t\t\t\t\t\t\t\t\t\t\t\t\t\t\t\t\t\t<div class=\"insignificant\">\u00a9 African Entertainers<\/div>\n\t\t\t\t\t\t\t\t\t\t\t<\/div>\n\t\t\t\t<\/figcaption>\n\t\t\t\t\t\t\t\t\t<\/figure>\n\t<\/lazy-media-inline>\n<press-shopping-cart-inline inline-template>\n\t<div class=\"press-shopping-cart-inline\"  v-bind:class=\"{ 'isNotSelected': !isSelected, 'isSelected': isSelected }\">\n\t\t<script type=\"application\/json\" ref=\"data\">\n{\n\"id\" : \"161729\",\n\"type\" : \"image\",\n\"snackbar_added\" : \"Zu Downloads hinzugef\u00fcgt\",\n\"snackbar_removed\" : \"Aus Downloads gel\u00f6scht\",\n\"snackbar_link\" : \"https:\/\/www.humboldtforum.org\/de\/presse\/download\/\",\n\"additional_data\" : null,\n\"name\" : \"Albert Ibokwe Khoza \\\/ Dear Museum! \\\/ Urauff\\u00fchrung am 29.05.2026\"}\n\t\t<\/script>\n\t\t<div class=\"vue-initialize\" ref=\"item\">\n\t\t\t<button class=\"button-with-icon\" :class=\"{hidden:isSelected}\" @click=\"add\"><span class=\"button-icon icon-plus\" aria-hidden=\"true\"><\/span><span class=\"button-label\">zu Downloads hinzuf\u00fcgen<\/span><\/button>\n\t\t\t<button class=\"button-with-icon rem\" :class=\"{hidden:!isSelected}\" @click=\"remove\"><span class=\"button-icon icon-close\" aria-hidden=\"true\"><\/span><span class=\"button-label\">aus downloads entfernen<\/span><\/button>\n\t\t<\/div>\n\t<\/div>\n<\/press-shopping-cart-inline>\n\t\t\t\t<\/div>\n\t\t\t<\/div>\n\t\t\t\t\t\t<div class=\"block-press-item col-xs-6 col-md-3\">\n\t\t\t\t<div class=\"box\">\n\t\t\t\t\n\t<lazy-media-inline inline-template>\n\t\t<figure itemscope itemtype=\"http:\/\/schema.org\/ImageObject\" class=\"lazy-media-inline \" role=\"group\" id=\"media_69ee8ace8230b\" aria-labelledby=\"desc_media_69ee8ace8230b\">\n\t\t\t<script type=\"application\/json\" ref=\"data\">\n\t\t\t\t{\n\t\t\t\t\"sizes\" : {\"medium\":{\"file\":\"SHF_eb00260966-300x200.jpg\",\"width\":300,\"height\":200,\"mime-type\":\"image\\\/jpeg\",\"filesize\":15887},\"large\":{\"file\":\"SHF_eb00260966-1024x682.jpg\",\"width\":1024,\"height\":682,\"mime-type\":\"image\\\/jpeg\",\"filesize\":97060},\"thumbnail\":{\"file\":\"SHF_eb00260966-150x150.jpg\",\"width\":150,\"height\":150,\"mime-type\":\"image\\\/jpeg\",\"filesize\":8476},\"medium_large\":{\"file\":\"SHF_eb00260966-768x512.jpg\",\"width\":768,\"height\":512,\"mime-type\":\"image\\\/jpeg\",\"filesize\":64153},\"small\":{\"file\":\"SHF_eb00260966-440x293.jpg\",\"width\":440,\"height\":293,\"mime-type\":\"image\\\/jpeg\",\"filesize\":28323},\"semi\":{\"file\":\"SHF_eb00260966-580x387.jpg\",\"width\":580,\"height\":387,\"mime-type\":\"image\\\/jpeg\",\"filesize\":42931},\"mobile\":{\"file\":\"SHF_eb00260966-720x480.jpg\",\"width\":720,\"height\":480,\"mime-type\":\"image\\\/jpeg\",\"filesize\":58274},\"original\":{\"file\":\"SHF_eb00260966.jpg\",\"width\":1280,\"height\":853}},\n\t\t\t\t\"alt\" : \"Person in k\\u00fcnstlerischer Pose mit auff\\u00e4lligem Schmuck, bunten Brillen und reich verziertem Gesicht.\",\n\t\t\t\t\"path\" : \"\\\/wp-content\\\/uploads\\\/2026\\\/03\\\/\",\n\t\t\t\t\"video\" : null,\n\t\t\t\t\"autoplay\" : null,\n\t\t\t\t\"youtube\" : null,\n\t\t\t\t\"youtubelabel\" : \"Video abspielen\",\n\t\t\t\t\"brightness\" : 100,\n\t\t\t\t\"crop\" : null,\n\t\t\t\t\"background\" : false,\n\t\t\t\t\"scale\" : 1\t\t\t\t}\n\t\t\t<\/script>\n\n\t\t\t<div class=\"height-container\" style=\"padding-bottom:66.640625%;\" v-if=\"sizes\">\n\t\t\t\t\t\t\t\t<lazy-media :inline=\"true\" :alt=\"alt\" :sizes=\"sizes\" :scale=\"scale\" :brightness=\"brightness\" :path=\"path\" :video=\"video\" :autoplay=\"autoplay\" :youtube=\"youtube\" :crop=\"crop\" :youtubelabel=\"youtubelabel\" :background=\"background\" media-id=\"desc_media_69ee8ace8230b\"><\/lazy-media>\n\t\t\t\t\t\t\t<\/div>\n\n\t\t\t\t\t\t\t<figcaption class=\"lazy-info-margin-exception\" id=\"desc_media_69ee8ace8230b\">\n\t\t\t\t\t<div class=\"lazy-media-info-body-content\">\n\t\t\t\t\t\t\t\t\t\t\t\t\t<div>Albert Ibokwe Khoza \/ Dear Museum! \/ Urauff&uuml;hrung am 29.05.2026<\/div>\n\t\t\t\t\t\t\t\t\t\t\t\t\t\t\t\t\t\t\t\t\t\t\t\t\t<div class=\"insignificant\">\u00a9 African Entertainers<\/div>\n\t\t\t\t\t\t\t\t\t\t\t<\/div>\n\t\t\t\t<\/figcaption>\n\t\t\t\t\t\t\t\t\t<\/figure>\n\t<\/lazy-media-inline>\n<press-shopping-cart-inline inline-template>\n\t<div class=\"press-shopping-cart-inline\"  v-bind:class=\"{ 'isNotSelected': !isSelected, 'isSelected': isSelected }\">\n\t\t<script type=\"application\/json\" ref=\"data\">\n{\n\"id\" : \"161727\",\n\"type\" : \"image\",\n\"snackbar_added\" : \"Zu Downloads hinzugef\u00fcgt\",\n\"snackbar_removed\" : \"Aus Downloads gel\u00f6scht\",\n\"snackbar_link\" : \"https:\/\/www.humboldtforum.org\/de\/presse\/download\/\",\n\"additional_data\" : null,\n\"name\" : \"Albert Ibokwe Khoza \\\/ Dear Museum! \\\/ Urauff\\u00fchrung am 29.05.2026\"}\n\t\t<\/script>\n\t\t<div class=\"vue-initialize\" ref=\"item\">\n\t\t\t<button class=\"button-with-icon\" :class=\"{hidden:isSelected}\" @click=\"add\"><span class=\"button-icon icon-plus\" aria-hidden=\"true\"><\/span><span class=\"button-label\">zu Downloads hinzuf\u00fcgen<\/span><\/button>\n\t\t\t<button class=\"button-with-icon rem\" :class=\"{hidden:!isSelected}\" @click=\"remove\"><span class=\"button-icon icon-close\" aria-hidden=\"true\"><\/span><span class=\"button-label\">aus downloads entfernen<\/span><\/button>\n\t\t<\/div>\n\t<\/div>\n<\/press-shopping-cart-inline>\n\t\t\t\t<\/div>\n\t\t\t<\/div>\n\t\t\t\t\t<\/div>\n\t<\/div>\n\t<\/section>\n\n\n\n\n\n<section class=\"block block-button\">\n\t<div class=\"container-fluid\">\n\t\t<div class=\"row\">\n\t\t\t<div class=\"block-press-item col-xs\">\n\t\t\t\t<div class=\"box center-xs\">\n\t\t\t\t\t<block-press-download-button inline-template>\n\t\t\t\t\t\t<button class=\"button-with-icon border\" @click=\"addAll\"><span class=\"button-icon icon-plus\" aria-hidden=\"true\"><\/span><span class=\"button-label\">Mitteilung zu Downloads hinzuf\u00fcgen<\/span><\/button>\n\t\t\t\t\t<\/block-press-download-button>\n\t\t\t\t<\/div>\n\t\t\t<\/div>\n\t\t<\/div>\n\t<\/div>\n<\/section>","protected":false},"excerpt":{"rendered":"","protected":false},"featured_media":161862,"template":"","class_list":["post-161856","pressstatement","type-pressstatement","status-publish","has-post-thumbnail","hentry"],"acf":[],"_links":{"self":[{"href":"https:\/\/www.humboldtforum.org\/de\/wp-json\/wp\/v2\/pressstatement\/161856","targetHints":{"allow":["GET"]}}],"collection":[{"href":"https:\/\/www.humboldtforum.org\/de\/wp-json\/wp\/v2\/pressstatement"}],"about":[{"href":"https:\/\/www.humboldtforum.org\/de\/wp-json\/wp\/v2\/types\/pressstatement"}],"version-history":[{"count":5,"href":"https:\/\/www.humboldtforum.org\/de\/wp-json\/wp\/v2\/pressstatement\/161856\/revisions"}],"predecessor-version":[{"id":162004,"href":"https:\/\/www.humboldtforum.org\/de\/wp-json\/wp\/v2\/pressstatement\/161856\/revisions\/162004"}],"wp:featuredmedia":[{"embeddable":true,"href":"https:\/\/www.humboldtforum.org\/de\/wp-json\/wp\/v2\/media\/161862"}],"wp:attachment":[{"href":"https:\/\/www.humboldtforum.org\/de\/wp-json\/wp\/v2\/media?parent=161856"}],"curies":[{"name":"wp","href":"https:\/\/api.w.org\/{rel}","templated":true}]}}