{"id":2903,"date":"2019-06-04T16:49:00","date_gmt":"2019-06-04T14:49:00","guid":{"rendered":"https:\/\/www.humboldtforum.org\/?post_type=pressstatement&#038;p=2903"},"modified":"2025-10-17T11:05:23","modified_gmt":"2025-10-17T09:05:23","slug":"gegen-den-strom-francis-la-flesche-und-die-umo%e2%81%bfho%e2%81%bf-omaha","status":"publish","type":"pressstatement","link":"https:\/\/www.humboldtforum.org\/de\/presse\/mitteilungen\/gegen-den-strom-francis-la-flesche-und-die-umo%e2%81%bfho%e2%81%bf-omaha\/","title":{"rendered":"Gegen den Strom: Francis La Flesche und die \u201eUM\u00d3\u207fHO\u207f\u201c (Omaha)"},"content":{"rendered":"<section class=\"block block-header\" >\n\t<block-header inline-template>\n\t\t<figure role=\"group\" aria-labelledby=\"desc_m_69f12a6424c53\">\n\n\t\t\t<script type=\"application\/json\" ref=\"data\">\n\t\t\t\t{\n\t\t\t\t\"sizes_d\" : {\"medium\":{\"file\":\"Objekte_Sammlung_La_Flesche-300x169.jpg\",\"width\":300,\"height\":169,\"mime-type\":\"image\\\/jpeg\"},\"large\":{\"file\":\"Objekte_Sammlung_La_Flesche-1024x576.jpg\",\"width\":1024,\"height\":576,\"mime-type\":\"image\\\/jpeg\"},\"thumbnail\":{\"file\":\"Objekte_Sammlung_La_Flesche-150x150.jpg\",\"width\":150,\"height\":150,\"mime-type\":\"image\\\/jpeg\"},\"medium_large\":{\"file\":\"Objekte_Sammlung_La_Flesche-768x432.jpg\",\"width\":768,\"height\":432,\"mime-type\":\"image\\\/jpeg\"},\"small\":{\"file\":\"Objekte_Sammlung_La_Flesche-440x248.jpg\",\"width\":440,\"height\":248,\"mime-type\":\"image\\\/jpeg\"},\"semi\":{\"file\":\"Objekte_Sammlung_La_Flesche-580x326.jpg\",\"width\":580,\"height\":326,\"mime-type\":\"image\\\/jpeg\"},\"mobile\":{\"file\":\"Objekte_Sammlung_La_Flesche-720x405.jpg\",\"width\":720,\"height\":405,\"mime-type\":\"image\\\/jpeg\"},\"hd\":{\"file\":\"Objekte_Sammlung_La_Flesche-1280x720.jpg\",\"width\":1280,\"height\":720,\"mime-type\":\"image\\\/jpeg\"},\"1536x1536\":{\"file\":\"Objekte_Sammlung_La_Flesche-1536x864.jpg\",\"width\":1536,\"height\":864,\"mime-type\":\"image\\\/jpeg\"},\"original\":{\"file\":\"Objekte_Sammlung_La_Flesche.jpg\",\"width\":1920,\"height\":1080}},\n\t\t\t\t\"alt_d\" : \"Sammlung traditioneller Kunsthandwerke und Kleidung auf einem Tisch, darunter Schuhe, Textilien und dekorative Elemente.\",\n\t\t\t\t\"path_d\" : \"\\\/wp-content\\\/uploads\\\/2020\\\/05\\\/\",\n\t\t\t\t\"autoplay_d\" : null,\n\t\t\t\t\"crop_d\" : null,\n\t\t\t\t\"background_d\" : true,\n\t\t\t\t\"scale_d\" : 1,\n\n\t\t\t\t\"sizes_m\" : [],\n\t\t\t\t\"alt_m\" : null,\n\t\t\t\t\"path_m\" : null,\n\t\t\t\t\"autoplay_m\" : null,\n\t\t\t\t\"crop_m\" : null,\n\t\t\t\t\"background_m\" : true,\n\t\t\t\t\"scale_m\" : 1,\n\n\t\t\t\t\"has_mobile_format\" : false,\n\t\t\t\t\"has_ad\" : false,\n\t\t\t\t\"audio_description_yt\" : null\t\t\t\t}\n\t\t\t<\/script>\n\t\t\t<div class=\"height-container\" style=\"padding-bottom:56.25%;\" v-if=\"sizes\" data-motion-parallax='{\"child\":\".image-wrapper\",\"mask\":\".lazy-media\",\"tween\":{\"yPercent\": [-15,15]}}'>\n\t\t\t\t<lazy-media :inline=\"true\" :scale=\"scale\" :alt=\"alt\" :sizes=\"sizes\" :brightness=\"brightness\" :path=\"path\" :video=\"video\" :autoplay=\"autoplay\" :youtube=\"youtube\" :crop=\"crop\" :youtubelabel=\"youtubelabel\" :background=\"background\" media-id=\"desc_m_69f12a6424c53\"><\/lazy-media>\n\t\t\t\t<button class=\"autoplay-audio-description-btn icon-background icon-audio-describtions\" @click=\"audioDescriptionPlay\" v-if=\"hasAudioDescription\" aria-label=\"Audiodeskription aufrufen\"><\/button>\n\t\t\t<\/div>\n\t\t\t\t\t\t<div class=\"lazy-media-info-container-fluid\">\n\t\t\t\t<div class=\"lazy-media-info-row end-xs\">\n\t\t\t\t\t<div class=\"lazy-media-info-col\">\n\t\t\t\t\t\t<div class=\"lazy-media-info\" aria-expanded=\"false\" :aria-expanded=\"isOpen ? 'true' : 'false'\">\n\t\t\t\t\t\t\t<button class=\"lazy-media-info-head button-tiny insignificant\" :class=\"{'button-active': isOpen}\" @click=\"toggle\" ref=\"head\"><span class=\"button-label insignificant\">Bildinfo<\/span><\/button>\n\t\t\t\t\t\t\t<figcaption class=\"lazy-media-info-body\" ref=\"body\" id=\"desc_m_69f12a6424c53\">\n\t\t\t\t\t\t\t\t<div class=\"lazy-media-info-body-content\">\n\t\t\t\t\t\t\t\t\t<div>Objekte der Sammlung La Flesche in den Depotr&auml;umlichkeiten des Ethnologischen Museum der Staatlichen Museen zu Berlin in Dahlem<\/div>\t\t\t\t\t\t\t\t\t\t\t\t\t\t\t\t\t\t<div class=\"insignificant\">\u00a9 SHF<\/div>\t\t\t\t\t\t\t\t<\/div>\n\t\t\t\t\t\t\t<\/figcaption>\n\t\t\t\t\t\t\t<div class=\"lazy-media-info-head-border\"><\/div>\n\t\t\t\t\t\t<\/div>\n\t\t\t\t\t<\/div>\n\t\t\t\t<\/div>\n\t\t\t<\/div>\n\t\t\t\t\t<\/figure>\n\t<\/block-header>\n<\/section>\n\n<section class=\"block block-header-headline hyph-disable\" >\n    <div class=\"container-fluid\">\n        <div class=\"row\">\n\t\t\t\t\t\t\t<div class=\"col-xs-12 col-md-offset-2 col-md-8\">\n\t\t\t\t\t<div class=\"box\">\n\t\t\t\t\t\t<div class=\"subline\">Pressemitteilung I Berlin, 4. Juni 2019<\/div>\n\t\t\t\t\t<\/div>\n\t\t\t\t<\/div>\n\t\t\t\n                            <div class=\"col-xs-12 col-md-offset-2 col-md-8\">\n                    <div class=\"box\">\n                        <h1>Gegen den Strom: Francis La Flesche und die \u201eUM\u00d3\u207fHO\u207f\u201c (Omaha)<\/h1>\n                    <\/div>\n                <\/div>\n                    <\/div>\n    <\/div>\n<\/section>\n\n\n\n\n<section class=\"block block-copy block-no-margin\" >\n    <div class=\"container-fluid\">\n\t\t<div class=\"row \">\n            <div class=\"col-xs-12 col-md-offset-2 col-md-8\">\n                <div class=\"box\">\n                    <div class=\"copy\"><p><strong>Einblick in die Vorbereitungen einer der ersten Wechselausstellungen im Humboldt Forum<\/strong><\/p>\n<p>Im Humboldt Forum er\u00f6ffnen Ende 2020 f\u00fcnf Wechselausstellungen, darunter eine, die gemeinsam mit dem Nebraska Indian Community College (NICC) und Angeh\u00f6rigen der Um\u00f3\u207fho\u207f konzipiert wird. Die Um\u00f3\u207fho\u207f aus dem Nordosten Nebraskas und dem Westen Iowas geh\u00f6ren zu den 573 in den USA offiziell anerkannten indigenen Nationen. Vertretende des NICC und der Um\u00f3\u207fho\u207f sind derzeit zum zweiten Arbeitsbesuch in Berlin. Ein Pressewerkstattgespr\u00e4ch mit ihnen gab heute Einblicke in das Prinzip der Wechselausstellungen sowie in deren konkrete Vorbereitung. Interessierte k\u00f6nnen mit Vertretenden des NICC und der Um\u00f3\u207fho\u207f am 6. Juni 2019 im Rahmen der Langen Nacht der Ideen pers\u00f6nlich ins Gespr\u00e4ch kommen.<\/p>\n<p><em>Die vollst\u00e4ndige Pressemitteilung steht Ihnen nachfolgend als Download zur Verf\u00fcgung.<\/em><\/p>\n<p>&nbsp;<\/p>\n<\/div>\n                <\/div>\n            <\/div>\n\t\t<\/div>\n\t\t    <\/div>\n<\/section>\n\n<section class=\"block block-headline block-no-margin  hyph-disable\" >\n\t<div class=\"container-fluid\">\n\t\t<div class=\"row\">\n\t\t\t\t\t\t\t<div class=\"col-xs-12\">\n\t\t\t\t\t<div class=\"box\">\n\t\t\t\t\t\t<h2 class=\".h4\">PDF<\/h2>\n\t\t\t\t\t<\/div>\n\t\t\t\t<\/div>\n\t\t\t\t\t<\/div>\n\t<\/div>\n<\/section>\n\n\n\n\n\n<section class=\"block block-press-image-select\">\n\t\t\t<div class=\"container-fluid\">\n\t\t\t\t\t\t\t<div class=\"row pdf-row\">\n\t\t\t\t\t<div class=\"block-press-item col-xs-12\">\n\t\t\t\t\t\t<div class=\"box pdf-row-box\">\n\t\t\t\t\t\t\t<h5>Gegen den Strom: Francis La Flesche und die \u201eUM\u00d3\u207fHO\u207f\u201c (Omaha)<\/h5>\n\t\t\t\t\t\t\t\t\t\t\t\t\t\t\t<div class=\"subline insignificant\">Pressemitteilung I Stiftung Humboldt Forum im Berliner Schloss I 4. Juni 2019<\/div>\n\t\t\t\t\t\t\t\t\t\t\t\t\t\t<div class=\"pdf-row-icons\">\n\t\t\t\t\t\t\t\t<press-shopping-cart-inline inline-template>\n\t<div class=\"press-shopping-cart-inline\"  v-bind:class=\"{ 'isNotSelected': !isSelected, 'isSelected': isSelected }\">\n\t\t<script type=\"application\/json\" ref=\"data\">\n{\n\"id\" : \"2910\",\n\"type\" : \"pdf\",\n\"snackbar_added\" : \"Zu Downloads hinzugef\u00fcgt\",\n\"snackbar_removed\" : \"Aus Downloads gel\u00f6scht\",\n\"snackbar_link\" : \"https:\/\/www.humboldtforum.org\/de\/presse\/download\/\",\n\"additional_data\" : null,\n\"name\" : \"Gegen den Strom: Francis La Flesche und die \\u201eUM\\u00d3\\u207fHO\\u207f\\u201c (Omaha)\"}\n\t\t<\/script>\n\t\t<div class=\"vue-initialize\" ref=\"item\">\n\t\t\t<button class=\"button-with-icon\" :class=\"{hidden:isSelected}\" @click=\"add\"><span class=\"button-icon icon-plus\" aria-hidden=\"true\"><\/span><span class=\"button-label\">zu Downloads hinzuf\u00fcgen<\/span><\/button>\n\t\t\t<button class=\"button-with-icon rem\" :class=\"{hidden:!isSelected}\" @click=\"remove\"><span class=\"button-icon icon-close\" aria-hidden=\"true\"><\/span><span class=\"button-label\">aus downloads entfernen<\/span><\/button>\n\t\t<\/div>\n\t<\/div>\n<\/press-shopping-cart-inline>\n\t\t\t\t\t\t\t\t<a href=\"https:\/\/www.humboldtforum.org\/wp-content\/uploads\/2020\/05\/20190604_PressewerkstattgespraechOmaha_PM_de.pdf\" target=\"_blank\" role=\"button\" class=\"button-with-icon\"><span class=\"button-icon icon-download\" aria-hidden=\"true\"><\/span><span class=\"button-label\">Download<\/span><\/a>\n\t\t\t\t\t\t\t<\/div>\n\t\t\t\t\t\t<\/div>\n\t\t\t\t\t<\/div>\n\t\t\t\t<\/div>\n\t\t\t\t\t<\/div>\n\t<\/section>\n\n\n\n<section class=\"block block-standard-image\">\n\t<div class=\"container-fluid\">\n\t\t<div class=\"row\">\n\t\t\t<div class=\"col-xs-10 col-md-6 col-xs-offset-1 col-md-offset-3\">\n\t\t\t\t\t\t\t<\/div>\n\t\t<\/div>\n\t<\/div>\n<\/section>\n\n\n<section class=\"block block-button\">\n\t<div class=\"container-fluid\">\n\t\t<div class=\"row\">\n\t\t\t<div class=\"block-press-item col-xs\">\n\t\t\t\t<div class=\"box center-xs\">\n\t\t\t\t\t<block-press-download-button inline-template>\n\t\t\t\t\t\t<button class=\"button-with-icon border\" @click=\"addAll\"><span class=\"button-icon icon-plus\" aria-hidden=\"true\"><\/span><span class=\"button-label\">Mitteilung zu Downloads hinzuf\u00fcgen<\/span><\/button>\n\t\t\t\t\t<\/block-press-download-button>\n\t\t\t\t<\/div>\n\t\t\t<\/div>\n\t\t<\/div>\n\t<\/div>\n<\/section>","protected":false},"excerpt":{"rendered":"<p>Im Humboldt Forum er\u00f6ffnen Ende 2020 f\u00fcnf Wechselausstellungen, darunter eine, die gemeinsam mit dem Nebraska Indian Community College (NICC) und Angeh\u00f6rigen der Um\u00f3\u207fho\u207f konzipiert wird.<\/p>\n","protected":false},"featured_media":2904,"template":"","class_list":["post-2903","pressstatement","type-pressstatement","status-publish","has-post-thumbnail","hentry"],"acf":[],"_links":{"self":[{"href":"https:\/\/www.humboldtforum.org\/de\/wp-json\/wp\/v2\/pressstatement\/2903","targetHints":{"allow":["GET"]}}],"collection":[{"href":"https:\/\/www.humboldtforum.org\/de\/wp-json\/wp\/v2\/pressstatement"}],"about":[{"href":"https:\/\/www.humboldtforum.org\/de\/wp-json\/wp\/v2\/types\/pressstatement"}],"version-history":[{"count":2,"href":"https:\/\/www.humboldtforum.org\/de\/wp-json\/wp\/v2\/pressstatement\/2903\/revisions"}],"predecessor-version":[{"id":154965,"href":"https:\/\/www.humboldtforum.org\/de\/wp-json\/wp\/v2\/pressstatement\/2903\/revisions\/154965"}],"wp:featuredmedia":[{"embeddable":true,"href":"https:\/\/www.humboldtforum.org\/de\/wp-json\/wp\/v2\/media\/2904"}],"wp:attachment":[{"href":"https:\/\/www.humboldtforum.org\/de\/wp-json\/wp\/v2\/media?parent=2903"}],"curies":[{"name":"wp","href":"https:\/\/api.w.org\/{rel}","templated":true}]}}