{"id":3154,"date":"2019-02-15T12:36:26","date_gmt":"2019-02-15T11:36:26","guid":{"rendered":"https:\/\/www.humboldtforum.org\/?post_type=pressstatement&#038;p=3154"},"modified":"2025-10-17T11:14:17","modified_gmt":"2025-10-17T09:14:17","slug":"schluters-kolossalfiguren-im-humboldt-forum-angekommen","status":"publish","type":"pressstatement","link":"https:\/\/www.humboldtforum.org\/de\/presse\/mitteilungen\/schluters-kolossalfiguren-im-humboldt-forum-angekommen\/","title":{"rendered":"Schl\u00fcters Kolossalfiguren im Humboldt Forum angekommen"},"content":{"rendered":"<section class=\"block block-header\" >\n\t<block-header inline-template>\n\t\t<figure role=\"group\" aria-labelledby=\"desc_m_69f50bae1b2cd\">\n\n\t\t\t<script type=\"application\/json\" ref=\"data\">\n\t\t\t\t{\n\t\t\t\t\"sizes_d\" : {\"medium\":{\"file\":\"SHF_eb00050508_Objekteinbringung-Kolossalfiguren-300x171.jpg\",\"width\":300,\"height\":171,\"mime-type\":\"image\\\/jpeg\"},\"large\":{\"file\":\"SHF_eb00050508_Objekteinbringung-Kolossalfiguren-1024x584.jpg\",\"width\":1024,\"height\":584,\"mime-type\":\"image\\\/jpeg\"},\"thumbnail\":{\"file\":\"SHF_eb00050508_Objekteinbringung-Kolossalfiguren-150x150.jpg\",\"width\":150,\"height\":150,\"mime-type\":\"image\\\/jpeg\"},\"medium_large\":{\"file\":\"SHF_eb00050508_Objekteinbringung-Kolossalfiguren-768x438.jpg\",\"width\":768,\"height\":438,\"mime-type\":\"image\\\/jpeg\"},\"small\":{\"file\":\"SHF_eb00050508_Objekteinbringung-Kolossalfiguren-440x251.jpg\",\"width\":440,\"height\":251,\"mime-type\":\"image\\\/jpeg\"},\"semi\":{\"file\":\"SHF_eb00050508_Objekteinbringung-Kolossalfiguren-580x331.jpg\",\"width\":580,\"height\":331,\"mime-type\":\"image\\\/jpeg\"},\"mobile\":{\"file\":\"SHF_eb00050508_Objekteinbringung-Kolossalfiguren-720x411.jpg\",\"width\":720,\"height\":411,\"mime-type\":\"image\\\/jpeg\"},\"hd\":{\"file\":\"SHF_eb00050508_Objekteinbringung-Kolossalfiguren-1280x730.jpg\",\"width\":1280,\"height\":730,\"mime-type\":\"image\\\/jpeg\"},\"full\":{\"file\":\"SHF_eb00050508_Objekteinbringung-Kolossalfiguren-1920x1095.jpg\",\"width\":1920,\"height\":1095,\"mime-type\":\"image\\\/jpeg\"},\"1536x1536\":{\"file\":\"SHF_eb00050508_Objekteinbringung-Kolossalfiguren-1536x876.jpg\",\"width\":1536,\"height\":876,\"mime-type\":\"image\\\/jpeg\"},\"2048x2048\":{\"file\":\"SHF_eb00050508_Objekteinbringung-Kolossalfiguren-2048x1168.jpg\",\"width\":2048,\"height\":1168,\"mime-type\":\"image\\\/jpeg\"},\"original\":{\"file\":\"SHF_eb00050508_Objekteinbringung-Kolossalfiguren.jpg\",\"width\":3000,\"height\":1711}},\n\t\t\t\t\"alt_d\" : \"Sechs antike Skulpturen elegant auf einem wei\\u00dfen Hintergrund pr\\u00e4sentiert.\",\n\t\t\t\t\"path_d\" : \"\\\/wp-content\\\/uploads\\\/2019\\\/02\\\/\",\n\t\t\t\t\"autoplay_d\" : null,\n\t\t\t\t\"crop_d\" : {\"top\":\"66.71\",\"left\":\"49.34\"},\n\t\t\t\t\"background_d\" : true,\n\t\t\t\t\"scale_d\" : 2,\n\n\t\t\t\t\"sizes_m\" : [],\n\t\t\t\t\"alt_m\" : null,\n\t\t\t\t\"path_m\" : null,\n\t\t\t\t\"autoplay_m\" : null,\n\t\t\t\t\"crop_m\" : null,\n\t\t\t\t\"background_m\" : true,\n\t\t\t\t\"scale_m\" : 1,\n\n\t\t\t\t\"has_mobile_format\" : false,\n\t\t\t\t\"has_ad\" : false,\n\t\t\t\t\"audio_description_yt\" : null\t\t\t\t}\n\t\t\t<\/script>\n\t\t\t<div class=\"height-container\" style=\"padding-bottom:57.033333333333%;\" v-if=\"sizes\" data-motion-parallax='{\"child\":\".image-wrapper\",\"mask\":\".lazy-media\",\"tween\":{\"yPercent\": [-15,15]}}'>\n\t\t\t\t<lazy-media :inline=\"true\" :scale=\"scale\" :alt=\"alt\" :sizes=\"sizes\" :brightness=\"brightness\" :path=\"path\" :video=\"video\" :autoplay=\"autoplay\" :youtube=\"youtube\" :crop=\"crop\" :youtubelabel=\"youtubelabel\" :background=\"background\" media-id=\"desc_m_69f50bae1b2cd\"><\/lazy-media>\n\t\t\t\t<button class=\"autoplay-audio-description-btn icon-background icon-audio-describtions\" @click=\"audioDescriptionPlay\" v-if=\"hasAudioDescription\" aria-label=\"Audiodeskription aufrufen\"><\/button>\n\t\t\t<\/div>\n\t\t\t\t\t\t<div class=\"lazy-media-info-container-fluid\">\n\t\t\t\t<div class=\"lazy-media-info-row end-xs\">\n\t\t\t\t\t<div class=\"lazy-media-info-col\">\n\t\t\t\t\t\t<div class=\"lazy-media-info\" aria-expanded=\"false\" :aria-expanded=\"isOpen ? 'true' : 'false'\">\n\t\t\t\t\t\t\t<button class=\"lazy-media-info-head button-tiny insignificant\" :class=\"{'button-active': isOpen}\" @click=\"toggle\" ref=\"head\"><span class=\"button-label insignificant\">Bildinfo<\/span><\/button>\n\t\t\t\t\t\t\t<figcaption class=\"lazy-media-info-body\" ref=\"body\" id=\"desc_m_69f50bae1b2cd\">\n\t\t\t\t\t\t\t\t<div class=\"lazy-media-info-body-content\">\n\t\t\t\t\t\t\t\t\t<div>Der Transport und die Einbringung der Schl&uuml;ter Figuren aus dem Kuppelsaal des Bode Museums ins Humboldt Forum im Berliner Schloss.\nFoto: David von Becker<\/div>\t\t\t\t\t\t\t\t\t\t\t\t\t\t\t\t\t\t<div class=\"insignificant\">\u00a9 SHF \/ Foto: David von Becker<\/div>\t\t\t\t\t\t\t\t<\/div>\n\t\t\t\t\t\t\t<\/figcaption>\n\t\t\t\t\t\t\t<div class=\"lazy-media-info-head-border\"><\/div>\n\t\t\t\t\t\t<\/div>\n\t\t\t\t\t<\/div>\n\t\t\t\t<\/div>\n\t\t\t<\/div>\n\t\t\t\t\t<\/figure>\n\t<\/block-header>\n<\/section>\n\n<section class=\"block block-header-headline hyph-disable\" >\n    <div class=\"container-fluid\">\n        <div class=\"row\">\n\t\t\t\t\t\t\t<div class=\"col-xs-12 col-md-offset-2 col-md-8\">\n\t\t\t\t\t<div class=\"box\">\n\t\t\t\t\t\t<div class=\"subline\">Pressemitteilung I Berlin, 15. Februar 2019<\/div>\n\t\t\t\t\t<\/div>\n\t\t\t\t<\/div>\n\t\t\t\n                            <div class=\"col-xs-12 col-md-offset-2 col-md-8\">\n                    <div class=\"box\">\n                        <h1>Schl\u00fcters Kolossalfiguren im Humboldt Forum angekommen<\/h1>\n                    <\/div>\n                <\/div>\n                    <\/div>\n    <\/div>\n<\/section>\n\n\n\n\n<section class=\"block block-copy block-no-margin\" >\n    <div class=\"container-fluid\">\n\t\t<div class=\"row \">\n            <div class=\"col-xs-12 col-md-offset-2 col-md-8\">\n                <div class=\"box\">\n                    <div class=\"copy\"><p>Die acht erhaltenen Kolossalfiguren aus der Werkstatt des ber\u00fchmten Bildhauers und Architekten Andreas Schl\u00fcter sind an ihren Ursprungsort an den Schlossplatz zur\u00fcckgekehrt. Die Sandsteinfiguren, allesamt Leihgaben der Staatlichen Museen zu Berlin \u2013 Stiftung Preu\u00dfischer Kulturbesitz, wurden in den vergangenen Tagen aus dem Bode-Museum und der Schlossbauh\u00fctte ins Humboldt Forum transportiert und im Skulpturensaal aufgestellt. Mit der Er\u00f6ffnung des Humboldt Forums Ende dieses Jahres k\u00f6nnen sie als Teil der Geschichte des Ortes wieder vereint bewundert werden.<\/p>\n<p><em>Die vollst\u00e4ndige Pressemitteilung steht Ihnen nachfolgend als Download zur Verf\u00fcgung.<\/em><\/p>\n<p>&nbsp;<\/p>\n<\/div>\n                <\/div>\n            <\/div>\n\t\t<\/div>\n\t\t    <\/div>\n<\/section>\n\n<section class=\"block block-headline block-no-margin  hyph-disable\" >\n\t<div class=\"container-fluid\">\n\t\t<div class=\"row\">\n\t\t\t\t\t\t\t<div class=\"col-xs-12\">\n\t\t\t\t\t<div class=\"box\">\n\t\t\t\t\t\t<h2 class=\".h4\">PDF<\/h2>\n\t\t\t\t\t<\/div>\n\t\t\t\t<\/div>\n\t\t\t\t\t<\/div>\n\t<\/div>\n<\/section>\n\n\n\n\n\n<section class=\"block block-press-image-select\">\n\t\t\t<div class=\"container-fluid\">\n\t\t\t\t\t\t\t<div class=\"row pdf-row\">\n\t\t\t\t\t<div class=\"block-press-item col-xs-12\">\n\t\t\t\t\t\t<div class=\"box pdf-row-box\">\n\t\t\t\t\t\t\t<h5>Schl\u00fcters Kolossalfiguren im Humboldt Forum angekommen<\/h5>\n\t\t\t\t\t\t\t\t\t\t\t\t\t\t\t<div class=\"subline insignificant\">Pressemitteilung I Stiftung Preu\u00dfischer Kulturbesitz I 15. Februar 2019<\/div>\n\t\t\t\t\t\t\t\t\t\t\t\t\t\t<div class=\"pdf-row-icons\">\n\t\t\t\t\t\t\t\t<press-shopping-cart-inline inline-template>\n\t<div class=\"press-shopping-cart-inline\"  v-bind:class=\"{ 'isNotSelected': !isSelected, 'isSelected': isSelected }\">\n\t\t<script type=\"application\/json\" ref=\"data\">\n{\n\"id\" : \"3159\",\n\"type\" : \"pdf\",\n\"snackbar_added\" : \"Zu Downloads hinzugef\u00fcgt\",\n\"snackbar_removed\" : \"Aus Downloads gel\u00f6scht\",\n\"snackbar_link\" : \"https:\/\/www.humboldtforum.org\/de\/presse\/download\/\",\n\"additional_data\" : null,\n\"name\" : \"Schl\\u00fcters Kolossalfiguren im Humboldt Forum angekommen\"}\n\t\t<\/script>\n\t\t<div class=\"vue-initialize\" ref=\"item\">\n\t\t\t<button class=\"button-with-icon\" :class=\"{hidden:isSelected}\" @click=\"add\"><span class=\"button-icon icon-plus\" aria-hidden=\"true\"><\/span><span class=\"button-label\">zu Downloads hinzuf\u00fcgen<\/span><\/button>\n\t\t\t<button class=\"button-with-icon rem\" :class=\"{hidden:!isSelected}\" @click=\"remove\"><span class=\"button-icon icon-close\" aria-hidden=\"true\"><\/span><span class=\"button-label\">aus downloads entfernen<\/span><\/button>\n\t\t<\/div>\n\t<\/div>\n<\/press-shopping-cart-inline>\n\t\t\t\t\t\t\t\t<a href=\"https:\/\/www.humboldtforum.org\/wp-content\/uploads\/2020\/05\/20190215_SchlueterskulpturenHumboldtForum_DE.pdf\" target=\"_blank\" role=\"button\" class=\"button-with-icon\"><span class=\"button-icon icon-download\" aria-hidden=\"true\"><\/span><span class=\"button-label\">Download<\/span><\/a>\n\t\t\t\t\t\t\t<\/div>\n\t\t\t\t\t\t<\/div>\n\t\t\t\t\t<\/div>\n\t\t\t\t<\/div>\n\t\t\t\t\t<\/div>\n\t<\/section>\n\n\n\n<section class=\"block block-standard-image\">\n\t<div class=\"container-fluid\">\n\t\t<div class=\"row\">\n\t\t\t<div class=\"col-xs-10 col-md-6 col-xs-offset-1 col-md-offset-3\">\n\t\t\t\t\t\t\t<\/div>\n\t\t<\/div>\n\t<\/div>\n<\/section>\n\n\n<section class=\"block block-button\">\n\t<div class=\"container-fluid\">\n\t\t<div class=\"row\">\n\t\t\t<div class=\"block-press-item col-xs\">\n\t\t\t\t<div class=\"box center-xs\">\n\t\t\t\t\t<block-press-download-button inline-template>\n\t\t\t\t\t\t<button class=\"button-with-icon border\" @click=\"addAll\"><span class=\"button-icon icon-plus\" aria-hidden=\"true\"><\/span><span class=\"button-label\">Mitteilung zu Downloads hinzuf\u00fcgen<\/span><\/button>\n\t\t\t\t\t<\/block-press-download-button>\n\t\t\t\t<\/div>\n\t\t\t<\/div>\n\t\t<\/div>\n\t<\/div>\n<\/section>","protected":false},"excerpt":{"rendered":"<p>Die acht erhaltenen Kolossalfiguren aus der Werkstatt des ber\u00fchmten Bildhauers und Architekten Andreas Schl\u00fcter sind an ihren Ursprungsort an den Schlossplatz zur\u00fcckgekehrt.<\/p>\n","protected":false},"featured_media":3157,"template":"","class_list":["post-3154","pressstatement","type-pressstatement","status-publish","has-post-thumbnail","hentry"],"acf":[],"_links":{"self":[{"href":"https:\/\/www.humboldtforum.org\/de\/wp-json\/wp\/v2\/pressstatement\/3154","targetHints":{"allow":["GET"]}}],"collection":[{"href":"https:\/\/www.humboldtforum.org\/de\/wp-json\/wp\/v2\/pressstatement"}],"about":[{"href":"https:\/\/www.humboldtforum.org\/de\/wp-json\/wp\/v2\/types\/pressstatement"}],"version-history":[{"count":2,"href":"https:\/\/www.humboldtforum.org\/de\/wp-json\/wp\/v2\/pressstatement\/3154\/revisions"}],"predecessor-version":[{"id":154244,"href":"https:\/\/www.humboldtforum.org\/de\/wp-json\/wp\/v2\/pressstatement\/3154\/revisions\/154244"}],"wp:featuredmedia":[{"embeddable":true,"href":"https:\/\/www.humboldtforum.org\/de\/wp-json\/wp\/v2\/media\/3157"}],"wp:attachment":[{"href":"https:\/\/www.humboldtforum.org\/de\/wp-json\/wp\/v2\/media?parent=3154"}],"curies":[{"name":"wp","href":"https:\/\/api.w.org\/{rel}","templated":true}]}}