{"id":6780,"date":"2019-11-29T17:04:00","date_gmt":"2019-11-29T16:04:00","guid":{"rendered":"https:\/\/www.humboldtforum.org\/?post_type=pressstatement&#038;p=6780"},"modified":"2025-10-17T10:54:04","modified_gmt":"2025-10-17T08:54:04","slug":"375-m2-wandbild-new-yorker-urban-artists-how-and-nosm-in-der-berlin-ausstellung-im-humboldt-forum","status":"publish","type":"pressstatement","link":"https:\/\/www.humboldtforum.org\/de\/presse\/mitteilungen\/375-m2-wandbild-new-yorker-urban-artists-how-and-nosm-in-der-berlin-ausstellung-im-humboldt-forum\/","title":{"rendered":"375 m\u00b2 Wandbild: New Yorker Urban Artists How and Nosm in der Berlin Ausstellung im Humboldt Forum"},"content":{"rendered":"<section class=\"block block-header\" >\n\t<block-header inline-template>\n\t\t<figure role=\"group\" aria-labelledby=\"desc_m_69f346cf66689\">\n\n\t\t\t<script type=\"application\/json\" ref=\"data\">\n\t\t\t\t{\n\t\t\t\t\"sizes_d\" : {\"medium\":{\"file\":\"HowandNosm_cKulturprojekte_Berlin_Foto_Alexander_Schippel1-scaled-300x200.jpg\",\"width\":300,\"height\":200,\"mime-type\":\"image\\\/jpeg\"},\"large\":{\"file\":\"HowandNosm_cKulturprojekte_Berlin_Foto_Alexander_Schippel1-scaled-1024x682.jpg\",\"width\":1024,\"height\":682,\"mime-type\":\"image\\\/jpeg\"},\"thumbnail\":{\"file\":\"HowandNosm_cKulturprojekte_Berlin_Foto_Alexander_Schippel1-scaled-150x150.jpg\",\"width\":150,\"height\":150,\"mime-type\":\"image\\\/jpeg\"},\"medium_large\":{\"file\":\"HowandNosm_cKulturprojekte_Berlin_Foto_Alexander_Schippel1-scaled-768x512.jpg\",\"width\":768,\"height\":512,\"mime-type\":\"image\\\/jpeg\"},\"small\":{\"file\":\"HowandNosm_cKulturprojekte_Berlin_Foto_Alexander_Schippel1-scaled-440x293.jpg\",\"width\":440,\"height\":293,\"mime-type\":\"image\\\/jpeg\"},\"semi\":{\"file\":\"HowandNosm_cKulturprojekte_Berlin_Foto_Alexander_Schippel1-scaled-580x387.jpg\",\"width\":580,\"height\":387,\"mime-type\":\"image\\\/jpeg\"},\"mobile\":{\"file\":\"HowandNosm_cKulturprojekte_Berlin_Foto_Alexander_Schippel1-scaled-720x480.jpg\",\"width\":720,\"height\":480,\"mime-type\":\"image\\\/jpeg\"},\"hd\":{\"file\":\"HowandNosm_cKulturprojekte_Berlin_Foto_Alexander_Schippel1-scaled-1280x853.jpg\",\"width\":1280,\"height\":853,\"mime-type\":\"image\\\/jpeg\"},\"full\":{\"file\":\"HowandNosm_cKulturprojekte_Berlin_Foto_Alexander_Schippel1-scaled-1920x1280.jpg\",\"width\":1920,\"height\":1280,\"mime-type\":\"image\\\/jpeg\"},\"1536x1536\":{\"file\":\"HowandNosm_cKulturprojekte_Berlin_Foto_Alexander_Schippel1-scaled-1536x1024.jpg\",\"width\":1536,\"height\":1024,\"mime-type\":\"image\\\/jpeg\"},\"2048x2048\":{\"file\":\"HowandNosm_cKulturprojekte_Berlin_Foto_Alexander_Schippel1-scaled-2048x1365.jpg\",\"width\":2048,\"height\":1365,\"mime-type\":\"image\\\/jpeg\"},\"original\":{\"file\":\"HowandNosm_cKulturprojekte_Berlin_Foto_Alexander_Schippel1-scaled.jpg\",\"width\":2560,\"height\":1706}},\n\t\t\t\t\"alt_d\" : \"K\\u00fcnstler spr\\u00fcht gelbe Farbe auf ein schwarz-wei\\u00dfes Wandgem\\u00e4lde.\",\n\t\t\t\t\"path_d\" : \"\\\/wp-content\\\/uploads\\\/2020\\\/05\\\/\",\n\t\t\t\t\"autoplay_d\" : null,\n\t\t\t\t\"crop_d\" : {\"top\":\"31.83\",\"left\":\"29.46\"},\n\t\t\t\t\"background_d\" : true,\n\t\t\t\t\"scale_d\" : 2,\n\n\t\t\t\t\"sizes_m\" : [],\n\t\t\t\t\"alt_m\" : null,\n\t\t\t\t\"path_m\" : null,\n\t\t\t\t\"autoplay_m\" : null,\n\t\t\t\t\"crop_m\" : null,\n\t\t\t\t\"background_m\" : true,\n\t\t\t\t\"scale_m\" : 1,\n\n\t\t\t\t\"has_mobile_format\" : false,\n\t\t\t\t\"has_ad\" : false,\n\t\t\t\t\"audio_description_yt\" : null\t\t\t\t}\n\t\t\t<\/script>\n\t\t\t<div class=\"height-container\" style=\"padding-bottom:66.640625%;\" v-if=\"sizes\" data-motion-parallax='{\"child\":\".image-wrapper\",\"mask\":\".lazy-media\",\"tween\":{\"yPercent\": [-15,15]}}'>\n\t\t\t\t<lazy-media :inline=\"true\" :scale=\"scale\" :alt=\"alt\" :sizes=\"sizes\" :brightness=\"brightness\" :path=\"path\" :video=\"video\" :autoplay=\"autoplay\" :youtube=\"youtube\" :crop=\"crop\" :youtubelabel=\"youtubelabel\" :background=\"background\" media-id=\"desc_m_69f346cf66689\"><\/lazy-media>\n\t\t\t\t<button class=\"autoplay-audio-description-btn icon-background icon-audio-describtions\" @click=\"audioDescriptionPlay\" v-if=\"hasAudioDescription\" aria-label=\"Audiodeskription aufrufen\"><\/button>\n\t\t\t<\/div>\n\t\t\t\t\t\t<div class=\"lazy-media-info-container-fluid\">\n\t\t\t\t<div class=\"lazy-media-info-row end-xs\">\n\t\t\t\t\t<div class=\"lazy-media-info-col\">\n\t\t\t\t\t\t<div class=\"lazy-media-info\" aria-expanded=\"false\" :aria-expanded=\"isOpen ? 'true' : 'false'\">\n\t\t\t\t\t\t\t<button class=\"lazy-media-info-head button-tiny insignificant\" :class=\"{'button-active': isOpen}\" @click=\"toggle\" ref=\"head\"><span class=\"button-label insignificant\">Bildinfo<\/span><\/button>\n\t\t\t\t\t\t\t<figcaption class=\"lazy-media-info-body\" ref=\"body\" id=\"desc_m_69f346cf66689\">\n\t\t\t\t\t\t\t\t<div class=\"lazy-media-info-body-content\">\n\t\t\t\t\t\t\t\t\t\t\t\t\t\t\t\t\t\t<div>How and Nosm, Making-Of  <\/div>\t\t\t\t\t\t\t\t\t<div class=\"insignificant\">\u00a9 How&#038;Nosm \/ Kulturprojekte Berlin und Stiftung Stadtmuseum Berlin, Foto: Alexander Schippel<\/div>\t\t\t\t\t\t\t\t<\/div>\n\t\t\t\t\t\t\t<\/figcaption>\n\t\t\t\t\t\t\t<div class=\"lazy-media-info-head-border\"><\/div>\n\t\t\t\t\t\t<\/div>\n\t\t\t\t\t<\/div>\n\t\t\t\t<\/div>\n\t\t\t<\/div>\n\t\t\t\t\t<\/figure>\n\t<\/block-header>\n<\/section>\n\n<section class=\"block block-header-headline hyph-disable\" >\n    <div class=\"container-fluid\">\n        <div class=\"row\">\n\t\t\t\t\t\t\t<div class=\"col-xs-12 col-md-offset-2 col-md-8\">\n\t\t\t\t\t<div class=\"box\">\n\t\t\t\t\t\t<div class=\"subline\">Pressemitteilung I Berlin, 29. November 2019<\/div>\n\t\t\t\t\t<\/div>\n\t\t\t\t<\/div>\n\t\t\t\n                            <div class=\"col-xs-12 col-md-offset-2 col-md-8\">\n                    <div class=\"box\">\n                        <h1>375 m\u00b2 Wandbild: New Yorker Urban Artists How and Nosm in der Berlin Ausstellung im Humboldt Forum<\/h1>\n                    <\/div>\n                <\/div>\n                    <\/div>\n    <\/div>\n<\/section>\n\n\n\n\n<section class=\"block block-copy\" >\n    <div class=\"container-fluid\">\n\t\t<div class=\"row \">\n            <div class=\"col-xs-12 col-md-offset-2 col-md-8\">\n                <div class=\"box\">\n                    <div class=\"copy\"><p>Insgesamt drei Wochen arbeitet das Urban Artists Duo How and Nosm an dem gro\u00dffl\u00e4chigen Wandbild \u201eWeltdenken\u201c, das die Besucher*innen in die Berlin Ausstellung im Humboldt Forum einf\u00fchren wird. Das Wandbild wurde von der international renommierten Kuratorin und Gr\u00fcnderin von Urban Nation, Berlins Museum f\u00fcr zeitgen\u00f6ssische Urbane Kunst, Yasha Young, kuratiert. Realisiert wird es von dem Urban Artist Duo How and Nosm; die Zwillingsbr\u00fcder sind in Deutschland aufgewachsen und leben seit 1999 in New York.<\/p>\n<p><em>Die vollst\u00e4ndige Pressemitteilung steht Ihnen nachfolgend als Download zur Verf\u00fcgung.<\/em><\/p>\n<\/div>\n                <\/div>\n            <\/div>\n\t\t<\/div>\n\t\t    <\/div>\n<\/section>\n\n<section class=\"block block-headline block-no-margin  hyph-disable\" >\n\t<div class=\"container-fluid\">\n\t\t<div class=\"row\">\n\t\t\t\t\t\t\t<div class=\"col-xs-12\">\n\t\t\t\t\t<div class=\"box\">\n\t\t\t\t\t\t<h2 class=\".h4\">PDF<\/h2>\n\t\t\t\t\t<\/div>\n\t\t\t\t<\/div>\n\t\t\t\t\t<\/div>\n\t<\/div>\n<\/section>\n\n\n\n\n\n<section class=\"block block-press-image-select\">\n\t\t\t<div class=\"container-fluid\">\n\t\t\t\t\t\t\t<div class=\"row pdf-row\">\n\t\t\t\t\t<div class=\"block-press-item col-xs-12\">\n\t\t\t\t\t\t<div class=\"box pdf-row-box\">\n\t\t\t\t\t\t\t<h5>375 m\u00b2 Wandbild: New Yorker Urban Artists How and Nosm in der Berlin Ausstellung im Humboldt Forum<\/h5>\n\t\t\t\t\t\t\t\t\t\t\t\t\t\t\t<div class=\"subline insignificant\">Pressemitteilung I Stiftung Humboldt Forum im Berliner Schloss, Kulturprojekte Berlin, Stadtmuseum Berlin I 20. November 2019<\/div>\n\t\t\t\t\t\t\t\t\t\t\t\t\t\t<div class=\"pdf-row-icons\">\n\t\t\t\t\t\t\t\t<press-shopping-cart-inline inline-template>\n\t<div class=\"press-shopping-cart-inline\"  v-bind:class=\"{ 'isNotSelected': !isSelected, 'isSelected': isSelected }\">\n\t\t<script type=\"application\/json\" ref=\"data\">\n{\n\"id\" : \"7242\",\n\"type\" : \"pdf\",\n\"snackbar_added\" : \"Zu Downloads hinzugef\u00fcgt\",\n\"snackbar_removed\" : \"Aus Downloads gel\u00f6scht\",\n\"snackbar_link\" : \"https:\/\/www.humboldtforum.org\/de\/presse\/download\/\",\n\"additional_data\" : null,\n\"name\" : \"375 m\\u00b2 Wandbild: New Yorker Urban Artists How and Nosm in der Berlin Ausstellung im Humboldt Forum\"}\n\t\t<\/script>\n\t\t<div class=\"vue-initialize\" ref=\"item\">\n\t\t\t<button class=\"button-with-icon\" :class=\"{hidden:isSelected}\" @click=\"add\"><span class=\"button-icon icon-plus\" aria-hidden=\"true\"><\/span><span class=\"button-label\">zu Downloads hinzuf\u00fcgen<\/span><\/button>\n\t\t\t<button class=\"button-with-icon rem\" :class=\"{hidden:!isSelected}\" @click=\"remove\"><span class=\"button-icon icon-close\" aria-hidden=\"true\"><\/span><span class=\"button-label\">aus downloads entfernen<\/span><\/button>\n\t\t<\/div>\n\t<\/div>\n<\/press-shopping-cart-inline>\n\t\t\t\t\t\t\t\t<a href=\"https:\/\/www.humboldtforum.org\/wp-content\/uploads\/2019\/11\/20191127_PM_HowNosm_final.pdf\" target=\"_blank\" role=\"button\" class=\"button-with-icon\"><span class=\"button-icon icon-download\" aria-hidden=\"true\"><\/span><span class=\"button-label\">Download<\/span><\/a>\n\t\t\t\t\t\t\t<\/div>\n\t\t\t\t\t\t<\/div>\n\t\t\t\t\t<\/div>\n\t\t\t\t<\/div>\n\t\t\t\t\t<\/div>\n\t<\/section>\n\n\n\n<section class=\"block block-standard-image\">\n\t<div class=\"container-fluid\">\n\t\t<div class=\"row\">\n\t\t\t<div class=\"col-xs-10 col-md-6 col-xs-offset-1 col-md-offset-3\">\n\t\t\t\t\t\t\t<\/div>\n\t\t<\/div>\n\t<\/div>\n<\/section>\n\n\n<section class=\"block block-button\">\n\t<div class=\"container-fluid\">\n\t\t<div class=\"row\">\n\t\t\t<div class=\"block-press-item col-xs\">\n\t\t\t\t<div class=\"box center-xs\">\n\t\t\t\t\t<block-press-download-button inline-template>\n\t\t\t\t\t\t<button class=\"button-with-icon border\" @click=\"addAll\"><span class=\"button-icon icon-plus\" aria-hidden=\"true\"><\/span><span class=\"button-label\">Mitteilung zu Downloads hinzuf\u00fcgen<\/span><\/button>\n\t\t\t\t\t<\/block-press-download-button>\n\t\t\t\t<\/div>\n\t\t\t<\/div>\n\t\t<\/div>\n\t<\/div>\n<\/section>","protected":false},"excerpt":{"rendered":"","protected":false},"featured_media":7133,"template":"","class_list":["post-6780","pressstatement","type-pressstatement","status-publish","has-post-thumbnail","hentry"],"acf":[],"_links":{"self":[{"href":"https:\/\/www.humboldtforum.org\/de\/wp-json\/wp\/v2\/pressstatement\/6780","targetHints":{"allow":["GET"]}}],"collection":[{"href":"https:\/\/www.humboldtforum.org\/de\/wp-json\/wp\/v2\/pressstatement"}],"about":[{"href":"https:\/\/www.humboldtforum.org\/de\/wp-json\/wp\/v2\/types\/pressstatement"}],"version-history":[{"count":2,"href":"https:\/\/www.humboldtforum.org\/de\/wp-json\/wp\/v2\/pressstatement\/6780\/revisions"}],"predecessor-version":[{"id":154964,"href":"https:\/\/www.humboldtforum.org\/de\/wp-json\/wp\/v2\/pressstatement\/6780\/revisions\/154964"}],"wp:featuredmedia":[{"embeddable":true,"href":"https:\/\/www.humboldtforum.org\/de\/wp-json\/wp\/v2\/media\/7133"}],"wp:attachment":[{"href":"https:\/\/www.humboldtforum.org\/de\/wp-json\/wp\/v2\/media?parent=6780"}],"curies":[{"name":"wp","href":"https:\/\/api.w.org\/{rel}","templated":true}]}}